{"id":9885,"date":"2015-05-29T18:28:12","date_gmt":"2015-05-29T17:28:12","guid":{"rendered":"http:\/\/2horizontes.com\/?p=9885"},"modified":"2015-05-29T18:28:12","modified_gmt":"2015-05-29T17:28:12","slug":"la-romana-celebra-encuentro-de-escritores-provinciales","status":"publish","type":"post","link":"https:\/\/2horizontes.com\/?p=9885","title":{"rendered":"La Romana celebra encuentro de escritores provinciales."},"content":{"rendered":"<p style=\"text-align: justify\">LA ROMANA REPUBLICA DOMINICANA.- Con el auspicio del Ministro de Cultura (MINC) fue celebrado el \u201cPrimer Encuentro Provincial de Escritoras Romanenses\u201d.<\/p>\n<p style=\"text-align: justify\">La actividad cultural se desarroll\u00f3 con una dedicatoria especial a la fenecida escritora Virginia Pep\u00e9n viuda Rodr\u00edguez, abuela paterna del ministro de Cultura, Jos\u00e9 Antonio Rodr\u00edguez, quien presidi\u00f3 el acto acompa\u00f1ado de su esposa M\u00f3nica Despradel.<\/p>\n<p style=\"text-align: justify\">Rodr\u00edguez tuvo a su cargo la apertura del encuentro y aprovech\u00f3 la ocasi\u00f3n para dar lectura a un poema titulado \u201cD\u00eda sin sol\u201d, escrito por su abuela en el a\u00f1o 1929.<\/p>\n<p style=\"text-align: justify\">El poema, que en su contenido destaca la realidad y estampa art\u00edstica cultural de La Romana, pertenece al libro titulado \u201cSuspiros y l\u00e1grimas\u201d.<\/p>\n<p style=\"text-align: justify\">P\u00e9rez inform\u00f3 que el Primer Encuentro Provincial de Escritoras Romanenses constituye una iniciativa para dar paso a la celebraci\u00f3n del Primer Congreso Regional de Escritoras del Este, a desarrollarse en el transcurso del a\u00f1o 2015.<\/p>\n<p style=\"text-align: justify\">La actividad finaliz\u00f3 con las palabras de despedida y agradecimiento por parte de Jenny Polanco, directora de La Aldea Cultural, quien al tiempo de agradecer la presencia y apoyo del ministro, destac\u00f3 el legado de obras presentadas por las escritoras participantes.<\/p>\n","protected":false},"excerpt":{"rendered":"<p>LA ROMANA REPUBLICA DOMINICANA.- Con el auspicio del Ministro de Cultura (MINC) fue celebrado el \u201cPrimer Encuentro Provincial de Escritoras Romanenses\u201d. La actividad cultural se desarroll\u00f3 con una dedicatoria especial a la fenecida escritora Virginia Pep\u00e9n viuda Rodr\u00edguez, abuela paterna del ministro de Cultura, Jos\u00e9 Antonio Rodr\u00edguez, quien presidi\u00f3 el acto acompa\u00f1ado de su esposa [&hellip;]<\/p>\n","protected":false},"author":6,"featured_media":9886,"comment_status":"open","ping_status":"open","sticky":false,"template":"","format":"standard","meta":{"footnotes":""},"categories":[53],"tags":[],"class_list":["post-9885","post","type-post","status-publish","format-standard","has-post-thumbnail","hentry","category-provincias"],"_links":{"self":[{"href":"https:\/\/2horizontes.com\/index.php?rest_route=\/wp\/v2\/posts\/9885","targetHints":{"allow":["GET"]}}],"collection":[{"href":"https:\/\/2horizontes.com\/index.php?rest_route=\/wp\/v2\/posts"}],"about":[{"href":"https:\/\/2horizontes.com\/index.php?rest_route=\/wp\/v2\/types\/post"}],"author":[{"embeddable":true,"href":"https:\/\/2horizontes.com\/index.php?rest_route=\/wp\/v2\/users\/6"}],"replies":[{"embeddable":true,"href":"https:\/\/2horizontes.com\/index.php?rest_route=%2Fwp%2Fv2%2Fcomments&post=9885"}],"version-history":[{"count":1,"href":"https:\/\/2horizontes.com\/index.php?rest_route=\/wp\/v2\/posts\/9885\/revisions"}],"predecessor-version":[{"id":9887,"href":"https:\/\/2horizontes.com\/index.php?rest_route=\/wp\/v2\/posts\/9885\/revisions\/9887"}],"wp:featuredmedia":[{"embeddable":true,"href":"https:\/\/2horizontes.com\/index.php?rest_route=\/wp\/v2\/media\/9886"}],"wp:attachment":[{"href":"https:\/\/2horizontes.com\/index.php?rest_route=%2Fwp%2Fv2%2Fmedia&parent=9885"}],"wp:term":[{"taxonomy":"category","embeddable":true,"href":"https:\/\/2horizontes.com\/index.php?rest_route=%2Fwp%2Fv2%2Fcategories&post=9885"},{"taxonomy":"post_tag","embeddable":true,"href":"https:\/\/2horizontes.com\/index.php?rest_route=%2Fwp%2Fv2%2Ftags&post=9885"}],"curies":[{"name":"wp","href":"https:\/\/api.w.org\/{rel}","templated":true}]}}