{"id":9866,"date":"2015-05-29T16:15:33","date_gmt":"2015-05-29T15:15:33","guid":{"rendered":"http:\/\/2horizontes.com\/?p=9866"},"modified":"2015-05-29T16:15:33","modified_gmt":"2015-05-29T15:15:33","slug":"estamos-delante-de-algo-muy-importante","status":"publish","type":"post","link":"https:\/\/2horizontes.com\/?p=9866","title":{"rendered":"Estamos delante de algo muy importante"},"content":{"rendered":"<p>El Barcelona comienza su camino al triplete ma\u00f1ana frente al Athletic en el Camp Nou. Situaci\u00f3n extra\u00f1a para los azulgrana que se vestir\u00e1n para salir al campo en el vestuario visitante. \u201cSer\u00e1 un poco raro, pero son jugadores de f\u00fatbol y est\u00e1n acostumbrados a jugar en cualquier campo\u201d, dijo Luis Enrique. \u201cTendremos memos comodidades, pero al final lo que importa es el partido y no los banquillos ni los vestuarios\u201d, intervino Busquets. Camarines a margen, en el Bar\u00e7a gusta que el Estadi se ti\u00f1a de dos colores y se llene con dos las dos hinchadas. \u201cSer\u00e1 un d\u00eda bonita y especial: dos aficiones\u201d, subray\u00f3 Iniesta. \u201cSeguramente habr\u00e1 m\u00e1s gente del Athletic que del Bar\u00e7a, pero tengo la esperanza de que los aficionados del Barcelona se hagan notar mucho\u201d, apunt\u00f3 Luis Enrique. \u201cLa fiesta de las aficiones nos encanta\u201d, complet\u00f3 Busi.<\/p>\n<p>En la ciudad deportiva del Barcelona esquivan la etiqueta de favoritos en el duelo frente al Athletic. \u201cNos mantenemos al margen de los favoritismos, porque los que estamos dentro sabemos que en un final cualquier detalle te puede cambiar un partido\u201d, analiz\u00f3 Iniesta. Coincidi\u00f3 con el manchego, su entrenador. \u201cLos profesionales sabemos de su dificultad y que es jug\u00e1rtelo todo en 90 minutos\u201d, explic\u00f3 Luis Enrique. Y Busquets, m\u00e1s rotundo, contest\u00f3: \u201cEl Bar\u00e7a es favorito en todos los t\u00edtulos\u201d. \u201cPero\u201d, a\u00f1adi\u00f3 el pivote catal\u00e1n; \u201cen una final puede pasar de todo. No menospreciamos al Athletic. Hay m\u00e1xima igualdad\u201d.<\/p>\n","protected":false},"excerpt":{"rendered":"<p>El Barcelona comienza su camino al triplete ma\u00f1ana frente al Athletic en el Camp Nou. Situaci\u00f3n extra\u00f1a para los azulgrana que se vestir\u00e1n para salir al campo en el vestuario visitante. \u201cSer\u00e1 un poco raro, pero son jugadores de f\u00fatbol y est\u00e1n acostumbrados a jugar en cualquier campo\u201d, dijo Luis Enrique. \u201cTendremos memos comodidades, pero [&hellip;]<\/p>\n","protected":false},"author":3,"featured_media":9867,"comment_status":"open","ping_status":"open","sticky":false,"template":"","format":"standard","meta":{"footnotes":""},"categories":[42],"tags":[],"class_list":["post-9866","post","type-post","status-publish","format-standard","has-post-thumbnail","hentry","category-deportes"],"_links":{"self":[{"href":"https:\/\/2horizontes.com\/index.php?rest_route=\/wp\/v2\/posts\/9866","targetHints":{"allow":["GET"]}}],"collection":[{"href":"https:\/\/2horizontes.com\/index.php?rest_route=\/wp\/v2\/posts"}],"about":[{"href":"https:\/\/2horizontes.com\/index.php?rest_route=\/wp\/v2\/types\/post"}],"author":[{"embeddable":true,"href":"https:\/\/2horizontes.com\/index.php?rest_route=\/wp\/v2\/users\/3"}],"replies":[{"embeddable":true,"href":"https:\/\/2horizontes.com\/index.php?rest_route=%2Fwp%2Fv2%2Fcomments&post=9866"}],"version-history":[{"count":1,"href":"https:\/\/2horizontes.com\/index.php?rest_route=\/wp\/v2\/posts\/9866\/revisions"}],"predecessor-version":[{"id":9868,"href":"https:\/\/2horizontes.com\/index.php?rest_route=\/wp\/v2\/posts\/9866\/revisions\/9868"}],"wp:featuredmedia":[{"embeddable":true,"href":"https:\/\/2horizontes.com\/index.php?rest_route=\/wp\/v2\/media\/9867"}],"wp:attachment":[{"href":"https:\/\/2horizontes.com\/index.php?rest_route=%2Fwp%2Fv2%2Fmedia&parent=9866"}],"wp:term":[{"taxonomy":"category","embeddable":true,"href":"https:\/\/2horizontes.com\/index.php?rest_route=%2Fwp%2Fv2%2Fcategories&post=9866"},{"taxonomy":"post_tag","embeddable":true,"href":"https:\/\/2horizontes.com\/index.php?rest_route=%2Fwp%2Fv2%2Ftags&post=9866"}],"curies":[{"name":"wp","href":"https:\/\/api.w.org\/{rel}","templated":true}]}}