{"id":9848,"date":"2015-05-29T15:50:34","date_gmt":"2015-05-29T14:50:34","guid":{"rendered":"http:\/\/2horizontes.com\/?p=9848"},"modified":"2015-05-29T15:52:35","modified_gmt":"2015-05-29T14:52:35","slug":"presunto-matador-abogada-se-le-culpa-de-otro-asesinato","status":"publish","type":"post","link":"https:\/\/2horizontes.com\/?p=9848","title":{"rendered":"Presunto matador  de la abogada dominicana se le culpa de otro asesinato"},"content":{"rendered":"<p>SANTO DOMINGO.- La solicitud de extradici\u00f3n desde Espa\u00f1a de Ambi\u00f3rix Nepomuceno no es solo por la muerte de la abogada Paola Languasco, sino tambi\u00e9n por otro asesinato ocurrido en el 2011.<\/p>\n<p>El Ministerio P\u00fablico pidi\u00f3 la extradici\u00f3n a los fines de que el dominicano radicado en Espa\u00f1a tambi\u00e9n responda a las autoridades por la muerte de Fausto Rivera Bobonagua, ocurrida el 30 de octubre del 2011 en San Francisco de Macor\u00eds.<\/p>\n<p>Nepomuceno, como principal sospechoso de ese hecho, se march\u00f3 de Rep\u00fablica Dominicana y no se supo sobre \u00e9l hasta ahora, cuando tambi\u00e9n es el principal sospechoso del asesinato de la abogada Languasco, cuyo cad\u00e1ver fue encontrado en una alcantarilla de Santiago, 19 d\u00edas despu\u00e9s de haber desaparecido tras haber concertado una cita con \u00e9l.<\/p>\n<p>El cad\u00e1ver de Languasco fue encontrado con un balazo en el hemit\u00f3rax derecho y golpes en la nariz, la boca y el brazo derecho.<\/p>\n<p>En los interrogatorios a las personas privadas de libertad por la muerte de la abogada sali\u00f3 a relucir que el imputado les dijo que hab\u00eda matado a la mujer y necesitaba ayuda para desaparecer el cad\u00e1ver.<\/p>\n<p>Las autoridades presumen que Nepomuceno pudo haber cometido otros cr\u00edmenes, conforme una nota publicada en el peri\u00f3dico El Caribe.<\/p>\n","protected":false},"excerpt":{"rendered":"<p>SANTO DOMINGO.- La solicitud de extradici\u00f3n desde Espa\u00f1a de Ambi\u00f3rix Nepomuceno no es solo por la muerte de la abogada Paola Languasco, sino tambi\u00e9n por otro asesinato ocurrido en el 2011. El Ministerio P\u00fablico pidi\u00f3 la extradici\u00f3n a los fines de que el dominicano radicado en Espa\u00f1a tambi\u00e9n responda a las autoridades por la muerte [&hellip;]<\/p>\n","protected":false},"author":4,"featured_media":9851,"comment_status":"open","ping_status":"open","sticky":false,"template":"","format":"standard","meta":{"footnotes":""},"categories":[46,85],"tags":[],"class_list":["post-9848","post","type-post","status-publish","format-standard","has-post-thumbnail","hentry","category-dominicanos-en-madrid","category-espana"],"_links":{"self":[{"href":"https:\/\/2horizontes.com\/index.php?rest_route=\/wp\/v2\/posts\/9848","targetHints":{"allow":["GET"]}}],"collection":[{"href":"https:\/\/2horizontes.com\/index.php?rest_route=\/wp\/v2\/posts"}],"about":[{"href":"https:\/\/2horizontes.com\/index.php?rest_route=\/wp\/v2\/types\/post"}],"author":[{"embeddable":true,"href":"https:\/\/2horizontes.com\/index.php?rest_route=\/wp\/v2\/users\/4"}],"replies":[{"embeddable":true,"href":"https:\/\/2horizontes.com\/index.php?rest_route=%2Fwp%2Fv2%2Fcomments&post=9848"}],"version-history":[{"count":2,"href":"https:\/\/2horizontes.com\/index.php?rest_route=\/wp\/v2\/posts\/9848\/revisions"}],"predecessor-version":[{"id":9854,"href":"https:\/\/2horizontes.com\/index.php?rest_route=\/wp\/v2\/posts\/9848\/revisions\/9854"}],"wp:featuredmedia":[{"embeddable":true,"href":"https:\/\/2horizontes.com\/index.php?rest_route=\/wp\/v2\/media\/9851"}],"wp:attachment":[{"href":"https:\/\/2horizontes.com\/index.php?rest_route=%2Fwp%2Fv2%2Fmedia&parent=9848"}],"wp:term":[{"taxonomy":"category","embeddable":true,"href":"https:\/\/2horizontes.com\/index.php?rest_route=%2Fwp%2Fv2%2Fcategories&post=9848"},{"taxonomy":"post_tag","embeddable":true,"href":"https:\/\/2horizontes.com\/index.php?rest_route=%2Fwp%2Fv2%2Ftags&post=9848"}],"curies":[{"name":"wp","href":"https:\/\/api.w.org\/{rel}","templated":true}]}}