{"id":9783,"date":"2015-05-29T06:01:16","date_gmt":"2015-05-29T05:01:16","guid":{"rendered":"http:\/\/2horizontes.com\/?p=9783"},"modified":"2015-05-29T06:01:16","modified_gmt":"2015-05-29T05:01:16","slug":"america-latina-es-la-region-que-mas-avanza-en-la-lucha-contra-el-hambre","status":"publish","type":"post","link":"https:\/\/2horizontes.com\/?p=9783","title":{"rendered":"Am\u00e9rica Latina es la regi\u00f3n que m\u00e1s avanza en la lucha contra el hambre"},"content":{"rendered":"<div id=\"ArticleAuthorDiv\" class=\"article-body-author\"><b>EFE<\/b><\/div>\n<div id=\"ArticleSourceDiv\" class=\"article-body-author\"><b>Santiago de Chile<\/b><\/div>\n<div id=\"ArticleBody\">\n<p>Am\u00e9rica Latina y el Caribe es la regi\u00f3n del mundo que m\u00e1s avanza por erradicar el hambre al reducir a m\u00e1s de la mitad, tanto su porcentaje como n\u00famero total de personas subalimentadas, seg\u00fan un informe de la FAO presentado en Santiago de Chile.<\/p>\n<p>De acuerdo con el informe \u00abPanorama de la Inseguridad Alimentaria en Am\u00e9rica Latina y el Caribe\u00bb publicado por la Organizaci\u00f3n de las Naciones Unidas para la Agricultura y la Alimentaci\u00f3n (FAO), la prevalencia de la subalimentaci\u00f3n en la regi\u00f3n cay\u00f3 del 14,7 % entre 1990-1992 al 5,5 % entre 2014-2016, seg\u00fan los periodos establecidos en los Objetivos de Desarrollo del Milenio.<\/p>\n<p>\u00abAm\u00e9rica Latina se constituye como la regi\u00f3n que m\u00e1s avanza en la lucha contra el hambre y constituye un ejemplo para todo el mundo\u00bb, dijo a Efe el representante regional de la FAO, Ra\u00fal Ben\u00edtez.<\/p>\n<p>Adem\u00e1s de cumplir con creces el desaf\u00edo de reducir a la mitad, entre 1990 y 2015, la proporci\u00f3n de personas que sufren hambre, establecido por los Objetivos de Desarrollo del Milenio (ODM), Latinoam\u00e9rica se alza ahora como la primera regi\u00f3n del mundo en alcanzar la meta de reducir a la mitad el n\u00famero de poblaci\u00f3n que en 1990 padec\u00eda desnutrici\u00f3n cr\u00f3nica, fijada por la Cumbre Mundial de la Alimentaci\u00f3n en 1996.<\/p>\n<p>No obstante, el texto revela que a pesar de la reducci\u00f3n a\u00fan existen 34,3 millones de personas subalimentadas en la regi\u00f3n por lo que, seg\u00fan Ben\u00edtez, se debe \u00absubir la apuesta y no s\u00f3lo trabajar por la disminuci\u00f3n sino por la erradicar el hambre totalmente\u00bb.<\/p>\n<p>El informe de la FAO se\u00f1ala que, principalmente, los avances regionales se sustenta en la positiva situaci\u00f3n macroecon\u00f3mica que ha vivido la regi\u00f3n durante las dos \u00faltimas d\u00e9cadas y el s\u00f3lido y continuo compromiso pol\u00edtico de los pa\u00edses de Latinoam\u00e9rica con la erradicaci\u00f3n del hambre.<\/p>\n<\/div>\n","protected":false},"excerpt":{"rendered":"<p>EFE Santiago de Chile Am\u00e9rica Latina y el Caribe es la regi\u00f3n del mundo que m\u00e1s avanza por erradicar el hambre al reducir a m\u00e1s de la mitad, tanto su porcentaje como n\u00famero total de personas subalimentadas, seg\u00fan un informe de la FAO presentado en Santiago de Chile. De acuerdo con el informe \u00abPanorama de [&hellip;]<\/p>\n","protected":false},"author":7,"featured_media":9784,"comment_status":"open","ping_status":"open","sticky":false,"template":"","format":"standard","meta":{"footnotes":""},"categories":[40],"tags":[],"class_list":["post-9783","post","type-post","status-publish","format-standard","has-post-thumbnail","hentry","category-internacionales"],"_links":{"self":[{"href":"https:\/\/2horizontes.com\/index.php?rest_route=\/wp\/v2\/posts\/9783","targetHints":{"allow":["GET"]}}],"collection":[{"href":"https:\/\/2horizontes.com\/index.php?rest_route=\/wp\/v2\/posts"}],"about":[{"href":"https:\/\/2horizontes.com\/index.php?rest_route=\/wp\/v2\/types\/post"}],"author":[{"embeddable":true,"href":"https:\/\/2horizontes.com\/index.php?rest_route=\/wp\/v2\/users\/7"}],"replies":[{"embeddable":true,"href":"https:\/\/2horizontes.com\/index.php?rest_route=%2Fwp%2Fv2%2Fcomments&post=9783"}],"version-history":[{"count":1,"href":"https:\/\/2horizontes.com\/index.php?rest_route=\/wp\/v2\/posts\/9783\/revisions"}],"predecessor-version":[{"id":9785,"href":"https:\/\/2horizontes.com\/index.php?rest_route=\/wp\/v2\/posts\/9783\/revisions\/9785"}],"wp:featuredmedia":[{"embeddable":true,"href":"https:\/\/2horizontes.com\/index.php?rest_route=\/wp\/v2\/media\/9784"}],"wp:attachment":[{"href":"https:\/\/2horizontes.com\/index.php?rest_route=%2Fwp%2Fv2%2Fmedia&parent=9783"}],"wp:term":[{"taxonomy":"category","embeddable":true,"href":"https:\/\/2horizontes.com\/index.php?rest_route=%2Fwp%2Fv2%2Fcategories&post=9783"},{"taxonomy":"post_tag","embeddable":true,"href":"https:\/\/2horizontes.com\/index.php?rest_route=%2Fwp%2Fv2%2Ftags&post=9783"}],"curies":[{"name":"wp","href":"https:\/\/api.w.org\/{rel}","templated":true}]}}