{"id":9740,"date":"2015-05-28T21:51:44","date_gmt":"2015-05-28T20:51:44","guid":{"rendered":"http:\/\/2horizontes.com\/?p=9740"},"modified":"2015-05-28T21:52:28","modified_gmt":"2015-05-28T20:52:28","slug":"mana-estrena-el-video-oficial-de-la-prision","status":"publish","type":"post","link":"https:\/\/2horizontes.com\/?p=9740","title":{"rendered":"Man\u00e1 estrena el v\u00eddeo oficial de &#8216;La Prisi\u00f3n"},"content":{"rendered":"<p>El videoclip, rodado en el desierto de Mojave y en Los \u00c1ngeles, est\u00e1 dirigido por Pablo Croce, premiado como Mejor Director en el Tribeca Film Festival del 2011 y actualmente cuenta con m\u00e1s de 200.000 visitas.<\/p>\n<p>El \u00e1lbum &#8216;Cama Incendiada&#8217; fue publicado en el mes de abril e incluye el tema &#8216;Mi Verdad&#8217;, en el que el grupo mexicano canta junto a Shakira. Para presentar sus nuevas canciones, Man\u00e1 ha preparado una gira de la que ya se conocen algunas fechas. El 21 de agosto tocar\u00e1n en Tenerife, el 22 de agosto en Las Palmas, el 5 de septiembre en Madrid y el 6 de septiembre en Barcelona. Pr\u00f3ximamente se anunciar\u00e1n m\u00e1s conciertos.<\/p>\n<p>El grupo mexicano Man\u00e1 ha estrenado este jueves en su canal de Youtube el v\u00eddeo oficial de la canci\u00f3n &#8216;La Prisi\u00f3n&#8217;, segundo single de su nuevo \u00e1lbum &#8216;Cama Incendiada&#8217;, seg\u00fan ha informado el sello discogr\u00e1fico de la banda, Warner Music.<\/p>\n","protected":false},"excerpt":{"rendered":"<p>El videoclip, rodado en el desierto de Mojave y en Los \u00c1ngeles, est\u00e1 dirigido por Pablo Croce, premiado como Mejor Director en el Tribeca Film Festival del 2011 y actualmente cuenta con m\u00e1s de 200.000 visitas. El \u00e1lbum &#8216;Cama Incendiada&#8217; fue publicado en el mes de abril e incluye el tema &#8216;Mi Verdad&#8217;, en el [&hellip;]<\/p>\n","protected":false},"author":3,"featured_media":9741,"comment_status":"open","ping_status":"open","sticky":false,"template":"","format":"standard","meta":{"footnotes":""},"categories":[1],"tags":[],"class_list":["post-9740","post","type-post","status-publish","format-standard","has-post-thumbnail","hentry","category-entretenimiento"],"_links":{"self":[{"href":"https:\/\/2horizontes.com\/index.php?rest_route=\/wp\/v2\/posts\/9740","targetHints":{"allow":["GET"]}}],"collection":[{"href":"https:\/\/2horizontes.com\/index.php?rest_route=\/wp\/v2\/posts"}],"about":[{"href":"https:\/\/2horizontes.com\/index.php?rest_route=\/wp\/v2\/types\/post"}],"author":[{"embeddable":true,"href":"https:\/\/2horizontes.com\/index.php?rest_route=\/wp\/v2\/users\/3"}],"replies":[{"embeddable":true,"href":"https:\/\/2horizontes.com\/index.php?rest_route=%2Fwp%2Fv2%2Fcomments&post=9740"}],"version-history":[{"count":2,"href":"https:\/\/2horizontes.com\/index.php?rest_route=\/wp\/v2\/posts\/9740\/revisions"}],"predecessor-version":[{"id":9743,"href":"https:\/\/2horizontes.com\/index.php?rest_route=\/wp\/v2\/posts\/9740\/revisions\/9743"}],"wp:featuredmedia":[{"embeddable":true,"href":"https:\/\/2horizontes.com\/index.php?rest_route=\/wp\/v2\/media\/9741"}],"wp:attachment":[{"href":"https:\/\/2horizontes.com\/index.php?rest_route=%2Fwp%2Fv2%2Fmedia&parent=9740"}],"wp:term":[{"taxonomy":"category","embeddable":true,"href":"https:\/\/2horizontes.com\/index.php?rest_route=%2Fwp%2Fv2%2Fcategories&post=9740"},{"taxonomy":"post_tag","embeddable":true,"href":"https:\/\/2horizontes.com\/index.php?rest_route=%2Fwp%2Fv2%2Ftags&post=9740"}],"curies":[{"name":"wp","href":"https:\/\/api.w.org\/{rel}","templated":true}]}}