{"id":9698,"date":"2015-05-28T20:19:26","date_gmt":"2015-05-28T19:19:26","guid":{"rendered":"http:\/\/2horizontes.com\/?p=9698"},"modified":"2015-05-28T20:19:26","modified_gmt":"2015-05-28T19:19:26","slug":"oferta-en-firme-para-fichar-a-monreal","status":"publish","type":"post","link":"https:\/\/2horizontes.com\/?p=9698","title":{"rendered":"Oferta en firme para fichar a Monreal"},"content":{"rendered":"<p>La inmediatez del duelo contra el Barcelona no ha impedido que el club contin\u00fae en la planificaci\u00f3n del futuro. Y m\u00e1s todav\u00eda porque si la final no tiene un desenlace feliz el arranque de la pr\u00f3xima pretemporada se producir\u00e1 los primeros d\u00edas de julio para afrontar dos previas de Europa League. El Athletic est\u00e1 decidido a reforzar su plantilla y ha trasladado una oferta en firme al Arsenal por Nacho Monreal.<\/p>\n<div class=\"sumario solo-texto izquierda\">\n<p><strong>El Athletic le ofrece firmar por no menos de tres campa\u00f1as<\/strong><\/p>\n<\/div>\n<p>El lateral izquierdo es un futbolista que lleva tiempo en la agenda del club bilba\u00edno. Pero nunca ha estado tan cerca como ahora. El Athletic ha ofrecido 8 millones de euros por la contrataci\u00f3n de un futbolista que a su actual club le cost\u00f3 10 millones de euros m\u00e1s variables, que fue lo que pag\u00f3 al M\u00e1laga en el mercado de invierno del curso 2012-13. La operaci\u00f3n est\u00e1 encaminada puesto que el Arsenal est\u00e1 decidido a vender: Monreal acaba contrato en 2016 y el club londinense no tiene intenci\u00f3n de renovarle, por lo que le abrir\u00e1 la puerta al mejor postor. La \u00faltima palabra, no obstante, la tiene el futbolista, al que el Athletic propondr\u00e1 un contrato por no menos de tres temporadas.<\/p>\n<p>El navarro tiene 29 a\u00f1os, es internacional y tiene una dilatada carrera a sus espaldas. Formado en la cantera de Tajonar, el lateral fich\u00f3 por el M\u00e1laga despu\u00e9s de brillar en Osasuna y de all\u00ed salt\u00f3 a la Premier, donde esta temporada ha alcanzado la treintena de partidos. No es la primera vez que el Athletic pregunta por Monreal -lo ha hecho cuando ha vestido las camisetas de Osasuna, M\u00e1laga y Arsenal- aunque la oferta es la m\u00e1s contundente de cuantas hab\u00eda trasladado con anterioridad. El futbolista est\u00e1 en el mercado y recibir\u00e1 m\u00e1s ofertas -algunas de ellas le llegar\u00e1n tambi\u00e9n de equipos de la Liga y de la Premier- pero el club bilba\u00edno le ofrecer\u00e1 una estabilidad de la que carecer\u00e1 en otros lugares.<\/p>\n<p><strong>Aumentar los recursos<\/strong><br \/>\nLa reciente renovaci\u00f3n de Valverde se ha firmado con la aprobaci\u00f3n del club a una serie de fichajes para reforzar la plantilla. Y la posici\u00f3n de lateral izquierdo es una de las m\u00e1s delicadas puesto que s\u00f3lo juega Balenziaga porque Aurtenetxe apenas ha tenido oportunidades. La contrataci\u00f3n de Monreal aumentar\u00eda los recursos de la zaga. En caso de urgencia, el navarro tambi\u00e9n puede actuar como central e incluso podr\u00eda desenvolverse en el otro costado de la defensa. La negociaci\u00f3n est\u00e1 lanzada y la respuesta no deber\u00eda demorarse.<\/p>\n<p><strong>Ziganda le dio la alternativa en Primera<\/strong><br \/>\nEl debut de Monreal en la \u00e9lite es cosa de Ziganda. El actual t\u00e9cnico del Bilbao Athletic fue el que apost\u00f3 con su decisi\u00f3n para que el defensa navarro jugase sus primeros partidos en la m\u00e1xima categor\u00eda con Osasuna. El &#8216;Cuco&#8217; no se qued\u00f3 ah\u00ed porque tambi\u00e9n tuvo ojo para dar minutos a Azpilicueta. Los dos engordan su curr\u00edculum en Inglaterra y ambos han estado en la \u00f3rbita rojiblanca, que les ha querido para su plantilla en m\u00e1s de una ocasi\u00f3n. Ziganda hizo osasunista a Monreal en un partido europeo contra el Hamburgo pese a que ven\u00eda de jugar en Tercera.<\/p>\n<p>&nbsp;<\/p>\n","protected":false},"excerpt":{"rendered":"<p>La inmediatez del duelo contra el Barcelona no ha impedido que el club contin\u00fae en la planificaci\u00f3n del futuro. Y m\u00e1s todav\u00eda porque si la final no tiene un desenlace feliz el arranque de la pr\u00f3xima pretemporada se producir\u00e1 los primeros d\u00edas de julio para afrontar dos previas de Europa League. El Athletic est\u00e1 decidido [&hellip;]<\/p>\n","protected":false},"author":3,"featured_media":9701,"comment_status":"open","ping_status":"open","sticky":false,"template":"","format":"standard","meta":{"footnotes":""},"categories":[42],"tags":[],"class_list":["post-9698","post","type-post","status-publish","format-standard","has-post-thumbnail","hentry","category-deportes"],"_links":{"self":[{"href":"https:\/\/2horizontes.com\/index.php?rest_route=\/wp\/v2\/posts\/9698","targetHints":{"allow":["GET"]}}],"collection":[{"href":"https:\/\/2horizontes.com\/index.php?rest_route=\/wp\/v2\/posts"}],"about":[{"href":"https:\/\/2horizontes.com\/index.php?rest_route=\/wp\/v2\/types\/post"}],"author":[{"embeddable":true,"href":"https:\/\/2horizontes.com\/index.php?rest_route=\/wp\/v2\/users\/3"}],"replies":[{"embeddable":true,"href":"https:\/\/2horizontes.com\/index.php?rest_route=%2Fwp%2Fv2%2Fcomments&post=9698"}],"version-history":[{"count":1,"href":"https:\/\/2horizontes.com\/index.php?rest_route=\/wp\/v2\/posts\/9698\/revisions"}],"predecessor-version":[{"id":9699,"href":"https:\/\/2horizontes.com\/index.php?rest_route=\/wp\/v2\/posts\/9698\/revisions\/9699"}],"wp:featuredmedia":[{"embeddable":true,"href":"https:\/\/2horizontes.com\/index.php?rest_route=\/wp\/v2\/media\/9701"}],"wp:attachment":[{"href":"https:\/\/2horizontes.com\/index.php?rest_route=%2Fwp%2Fv2%2Fmedia&parent=9698"}],"wp:term":[{"taxonomy":"category","embeddable":true,"href":"https:\/\/2horizontes.com\/index.php?rest_route=%2Fwp%2Fv2%2Fcategories&post=9698"},{"taxonomy":"post_tag","embeddable":true,"href":"https:\/\/2horizontes.com\/index.php?rest_route=%2Fwp%2Fv2%2Ftags&post=9698"}],"curies":[{"name":"wp","href":"https:\/\/api.w.org\/{rel}","templated":true}]}}