{"id":9651,"date":"2015-05-28T17:51:12","date_gmt":"2015-05-28T16:51:12","guid":{"rendered":"http:\/\/2horizontes.com\/?p=9651"},"modified":"2015-05-28T17:51:12","modified_gmt":"2015-05-28T16:51:12","slug":"vaguada-provocara-aguaceros-y-tormentas-electricas-en-la-tarde","status":"publish","type":"post","link":"https:\/\/2horizontes.com\/?p=9651","title":{"rendered":"Vaguada provocar\u00e1 aguaceros y tormentas el\u00e9ctricas en la tarde"},"content":{"rendered":"<div id=\"ArticleBody\">\n<p>RD SANTO DOMINGO-La Oficina Nacional de Meteorolog\u00eda (Onamet) inform\u00f3 que una vaguada localizada en los diferentes niveles de la atm\u00f3sfera provocar\u00e1 aguaceros en la tarde, con tormentas el\u00e9ctricas y posibles r\u00e1fagas de viento.<\/p>\n<p>Los aguaceros ser\u00e1n en las regiones norte, noreste, sureste, cordillera Central y algunas localidades de la zona fronteriza. En el resto del pa\u00eds las posibilidades de lluvias ser\u00e1n escasas.<\/p>\n<p>\u201cEn los pr\u00f3ximos dos d\u00edas\u00a0 las lluvias seguir\u00e1n increment\u00e1ndose en gran parte del pa\u00eds, siendo de mayor intensidad y frecuencia en toda la llanura costera Caribe\u00f1a, la cordillera Central, las regiones sureste, noreste y norte debido a la influencia de la vaguada sobre el territorio dominicano, la mayor posibilidad de ocurrencia de los aguaceros ser\u00e1n en la tarde y primeras horas de la noche\u201d explica la Onamet.<\/p>\n<p><strong>Pron\u00f3sticos locales<\/strong><br \/>\nHoy el cielo estar\u00e1 medio nublado a nublado en la tarde con aguaceros, que podr\u00edan ser localmente moderados, tormentas el\u00e9ctricas\u00a0 y aisladas r\u00e1fagas de viento hasta las primeras horas de la noche hacia las regiones norte, sureste, noreste, centro del pa\u00eds y la zona fronteriza.<\/p>\n<p>En el Distrito Nacional y la provincia Santo Domingo el cielo estar\u00e1 nublado en ocasiones con aguaceros y tronadas en la tarde. La temperatura m\u00e1xima estar\u00e1 entre\u00a0 31\u00baC y 32\u00baC\u00a0 y la m\u00ednima entre 22\u00baC y 23\u00baC.<\/p>\n<\/div>\n<div><\/div>\n<p>&nbsp;<\/p>\n","protected":false},"excerpt":{"rendered":"<p>RD SANTO DOMINGO-La Oficina Nacional de Meteorolog\u00eda (Onamet) inform\u00f3 que una vaguada localizada en los diferentes niveles de la atm\u00f3sfera provocar\u00e1 aguaceros en la tarde, con tormentas el\u00e9ctricas y posibles r\u00e1fagas de viento. Los aguaceros ser\u00e1n en las regiones norte, noreste, sureste, cordillera Central y algunas localidades de la zona fronteriza. En el resto del [&hellip;]<\/p>\n","protected":false},"author":8,"featured_media":9652,"comment_status":"open","ping_status":"open","sticky":false,"template":"","format":"standard","meta":{"footnotes":""},"categories":[84,44],"tags":[],"class_list":["post-9651","post","type-post","status-publish","format-standard","has-post-thumbnail","hentry","category-otras-noticias","category-republica-dominicana"],"_links":{"self":[{"href":"https:\/\/2horizontes.com\/index.php?rest_route=\/wp\/v2\/posts\/9651","targetHints":{"allow":["GET"]}}],"collection":[{"href":"https:\/\/2horizontes.com\/index.php?rest_route=\/wp\/v2\/posts"}],"about":[{"href":"https:\/\/2horizontes.com\/index.php?rest_route=\/wp\/v2\/types\/post"}],"author":[{"embeddable":true,"href":"https:\/\/2horizontes.com\/index.php?rest_route=\/wp\/v2\/users\/8"}],"replies":[{"embeddable":true,"href":"https:\/\/2horizontes.com\/index.php?rest_route=%2Fwp%2Fv2%2Fcomments&post=9651"}],"version-history":[{"count":1,"href":"https:\/\/2horizontes.com\/index.php?rest_route=\/wp\/v2\/posts\/9651\/revisions"}],"predecessor-version":[{"id":9653,"href":"https:\/\/2horizontes.com\/index.php?rest_route=\/wp\/v2\/posts\/9651\/revisions\/9653"}],"wp:featuredmedia":[{"embeddable":true,"href":"https:\/\/2horizontes.com\/index.php?rest_route=\/wp\/v2\/media\/9652"}],"wp:attachment":[{"href":"https:\/\/2horizontes.com\/index.php?rest_route=%2Fwp%2Fv2%2Fmedia&parent=9651"}],"wp:term":[{"taxonomy":"category","embeddable":true,"href":"https:\/\/2horizontes.com\/index.php?rest_route=%2Fwp%2Fv2%2Fcategories&post=9651"},{"taxonomy":"post_tag","embeddable":true,"href":"https:\/\/2horizontes.com\/index.php?rest_route=%2Fwp%2Fv2%2Ftags&post=9651"}],"curies":[{"name":"wp","href":"https:\/\/api.w.org\/{rel}","templated":true}]}}