{"id":9642,"date":"2015-05-28T17:37:33","date_gmt":"2015-05-28T16:37:33","guid":{"rendered":"http:\/\/2horizontes.com\/?p=9642"},"modified":"2015-05-28T17:39:28","modified_gmt":"2015-05-28T16:39:28","slug":"procuraduria-decomisa-cuatro-vehiculos-a-supuestos-pastores","status":"publish","type":"post","link":"https:\/\/2horizontes.com\/?p=9642","title":{"rendered":"Procuradur\u00eda decomisa cuatro veh\u00edculos a supuestos pastores"},"content":{"rendered":"<div id=\"ArticleBody\">\n<p>RD- SANTO DOMINGO-El procurador de la Unidad Especializada Antilavado de Activos inform\u00f3 ayer que cuatro veh\u00edculos, incluyendo algunos de lujo, fueron incautados a la supuesta red de lavado de activos que operaba en el pa\u00eds en complicidad con un cartel de Colombia.<\/p>\n<p>Germ\u00e1n Miranda Villalona dijo que los veh\u00edculos fueron decomisados en allanamientos realizados en la ciudad de Moca y que los mismos son propiedad de Jorge Mercedes Cede\u00f1o, preso en Colombia por su vinculaci\u00f3n en la red, que presuntamente\u00a0 utilizaba a \u201csupuestos\u00a0 pastores\u201d protestantes para \u201cblanquear\u201d el dinero.<\/p>\n<p>\u201cEn Moca fuimos a un operativo en una casa y en una Iglesia, donde la allanamos relacionada con el pastor que est\u00e1 preso en Colombia y tenemos todo un plan que habr\u00e1 de continuar con las autoridades colombianas\u201d, AFIRMO \u00a0Villalona.<\/p>\n<p>El procurador adjunto fue entrevistado al comparecer a la celebraci\u00f3n de la XIX Asamblea Plenaria de la Conferencia de Ministros de Justicia de los Pa\u00edses Iberoamericanos (COMJIB), que se celebra en el pa\u00eds con representantes de 21 pa\u00edses.<\/p>\n<p>Sostuvo que en el caso donde se vincula a Mercedes Cede\u00f1o, quien lleg\u00f3 a viajar a Colombia en por lo menos 12 ocasiones, alegadamente en labores pastorales, se han realizado operativos tambi\u00e9n en La Romana, San Pedro de Macor\u00eds e Hig\u00fcey. Manifest\u00f3 que en torno al caso, la \u00fanica persona detenida temporalmente en el pa\u00eds es Eliseo Mercedes Rodr\u00edguez, quien posteriormente fue dejado en libertad.<\/p>\n<p>Empero, sostuvo que el mismo seguir\u00e1 bajo investigaci\u00f3n, y que esta semana ser\u00e1 sometido a intenso interrogatorio.<\/p>\n<p>Miranda Villalona dijo que han identificado otras propiedades y que solamente est\u00e1n a la espera de que se madure el caso y se desarrolle para luego proceder a la incautaci\u00f3n.<\/p>\n<p>Explic\u00f3 que la red operaba usando a personas que ten\u00edan la falsa titularidad de pastores, los cuales hac\u00edan actividades de evangelizaci\u00f3n tanto en el pa\u00eds como en Colombia, y que recib\u00edan remesas, diezmos y ofrendas, a veces de feligreses, pero tambi\u00e9n del cartel de \u00dasuga, en Colombia.<\/p>\n<\/div>\n<div><\/div>\n<p>&nbsp;<\/p>\n","protected":false},"excerpt":{"rendered":"<p>RD- SANTO DOMINGO-El procurador de la Unidad Especializada Antilavado de Activos inform\u00f3 ayer que cuatro veh\u00edculos, incluyendo algunos de lujo, fueron incautados a la supuesta red de lavado de activos que operaba en el pa\u00eds en complicidad con un cartel de Colombia. Germ\u00e1n Miranda Villalona dijo que los veh\u00edculos fueron decomisados en allanamientos realizados en [&hellip;]<\/p>\n","protected":false},"author":8,"featured_media":9643,"comment_status":"open","ping_status":"open","sticky":false,"template":"","format":"standard","meta":{"footnotes":""},"categories":[44],"tags":[],"class_list":["post-9642","post","type-post","status-publish","format-standard","has-post-thumbnail","hentry","category-republica-dominicana"],"_links":{"self":[{"href":"https:\/\/2horizontes.com\/index.php?rest_route=\/wp\/v2\/posts\/9642","targetHints":{"allow":["GET"]}}],"collection":[{"href":"https:\/\/2horizontes.com\/index.php?rest_route=\/wp\/v2\/posts"}],"about":[{"href":"https:\/\/2horizontes.com\/index.php?rest_route=\/wp\/v2\/types\/post"}],"author":[{"embeddable":true,"href":"https:\/\/2horizontes.com\/index.php?rest_route=\/wp\/v2\/users\/8"}],"replies":[{"embeddable":true,"href":"https:\/\/2horizontes.com\/index.php?rest_route=%2Fwp%2Fv2%2Fcomments&post=9642"}],"version-history":[{"count":3,"href":"https:\/\/2horizontes.com\/index.php?rest_route=\/wp\/v2\/posts\/9642\/revisions"}],"predecessor-version":[{"id":9646,"href":"https:\/\/2horizontes.com\/index.php?rest_route=\/wp\/v2\/posts\/9642\/revisions\/9646"}],"wp:featuredmedia":[{"embeddable":true,"href":"https:\/\/2horizontes.com\/index.php?rest_route=\/wp\/v2\/media\/9643"}],"wp:attachment":[{"href":"https:\/\/2horizontes.com\/index.php?rest_route=%2Fwp%2Fv2%2Fmedia&parent=9642"}],"wp:term":[{"taxonomy":"category","embeddable":true,"href":"https:\/\/2horizontes.com\/index.php?rest_route=%2Fwp%2Fv2%2Fcategories&post=9642"},{"taxonomy":"post_tag","embeddable":true,"href":"https:\/\/2horizontes.com\/index.php?rest_route=%2Fwp%2Fv2%2Ftags&post=9642"}],"curies":[{"name":"wp","href":"https:\/\/api.w.org\/{rel}","templated":true}]}}