{"id":9619,"date":"2015-05-28T15:26:49","date_gmt":"2015-05-28T14:26:49","guid":{"rendered":"http:\/\/2horizontes.com\/?p=9619"},"modified":"2015-05-28T15:30:54","modified_gmt":"2015-05-28T14:30:54","slug":"las-autoridades-espanolas-prometen-colaboracion-en-caso-asesinato-abogada-dominicana","status":"publish","type":"post","link":"https:\/\/2horizontes.com\/?p=9619","title":{"rendered":"Las autoridades espa\u00f1olas prometen colaboraci\u00f3n en el  caso del asesinato de la abogada  dominicana"},"content":{"rendered":"<p>MADRID.- El ministro de Justicia espa\u00f1ol, Rafael Catal\u00e1, prometi\u00f3 al procurador general dominicano, Francisco Dom\u00ednguez Brito, su \u201cm\u00e1xima\u201d colaboraci\u00f3n en el caso del ciudadano Ambiorix Nepomuceno Rodr\u00edguez, detenido en Espa\u00f1a por ser el principal sospechoso del asesinato de una abogada local.<\/p>\n<p class=\"not-pspace\">As\u00ed lo asegur\u00f3 este jueves Catal\u00e1 en Santo Domingo, donde participa en la XIX Asamblea Plenaria de la Conferencia de Ministros de Justicia de los Pa\u00edses Iberoamericanos (Comjib), que se celebra hoy y ma\u00f1ana.<\/p>\n<p class=\"not-pspace\">El ministro explic\u00f3 que ayer se reuni\u00f3 con el procurador dominicano con quien habl\u00f3 sobre la cooperaci\u00f3n bilateral y tambi\u00e9n se trat\u00f3 este tema, aunque sin ahondar en detalles, debido a que el pa\u00eds caribe\u00f1o no ha formalizado la solicitud de extradici\u00f3n de Nepomuceno Rodr\u00edguez, acusado del asesinato el mes pasado de la abogada Paola Languasco Jim\u00e9nez, de 37 a\u00f1os.<\/p>\n<p class=\"not-pspace\">\u201cNos comprometimos a agilizar al m\u00e1ximo todos los tramites, para que (la extradici\u00f3n) sea una realidad en cuanto se solicite\u201d, afirm\u00f3.<\/p>\n<p class=\"not-pspace\">Nepomuceno Rodr\u00edguez fue detenido el pasado jueves en la ciudad de Burgos, en el norte de Espa\u00f1a, por la muerte de Languasco Jim\u00e9nez, cuyo cad\u00e1ver fue encontrado el 24 de abril en una alcantarilla en la ciudad de Santiago (norte dominicano).<\/p>\n<p class=\"not-pspace\">La abogada hab\u00eda desaparecido 19 d\u00edas antes tras salir de su residencia de Puerto Plata (norte) para ir a Santiago a encontrarse con Nepomuceno Rodr\u00edguez.<\/p>\n<p class=\"not-pspace\">El pasado viernes, el juez de la Audiencia Nacional espa\u00f1ola Santiago Pedraz envi\u00f3 al acusado a prisi\u00f3n, en espera de su posible extradici\u00f3n a la Rep\u00fablica Dominicana.<\/p>\n<p class=\"not-pspace\">Una vez que el detenido est\u00e9 de regreso en el pa\u00eds, la Fiscal\u00eda dominicana lo someter\u00e1 a la justicia y pedir\u00e1 30 a\u00f1os de prisi\u00f3n, seg\u00fan explic\u00f3 el lunes Dom\u00ednguez Brito en una rueda de prensa junto al embajador espa\u00f1ol en la Rep\u00fablica Dominicana, Jaime Lacadena, con quien se reuni\u00f3 previamente para hablar sobre el proceso, que durar\u00e1 un m\u00e1ximo de 4 meses y un m\u00ednimo de diez d\u00edas.<\/p>\n","protected":false},"excerpt":{"rendered":"<p>MADRID.- El ministro de Justicia espa\u00f1ol, Rafael Catal\u00e1, prometi\u00f3 al procurador general dominicano, Francisco Dom\u00ednguez Brito, su \u201cm\u00e1xima\u201d colaboraci\u00f3n en el caso del ciudadano Ambiorix Nepomuceno Rodr\u00edguez, detenido en Espa\u00f1a por ser el principal sospechoso del asesinato de una abogada local. As\u00ed lo asegur\u00f3 este jueves Catal\u00e1 en Santo Domingo, donde participa en la XIX [&hellip;]<\/p>\n","protected":false},"author":4,"featured_media":9620,"comment_status":"open","ping_status":"open","sticky":false,"template":"","format":"standard","meta":{"footnotes":""},"categories":[46,85],"tags":[],"class_list":["post-9619","post","type-post","status-publish","format-standard","has-post-thumbnail","hentry","category-dominicanos-en-madrid","category-espana"],"_links":{"self":[{"href":"https:\/\/2horizontes.com\/index.php?rest_route=\/wp\/v2\/posts\/9619","targetHints":{"allow":["GET"]}}],"collection":[{"href":"https:\/\/2horizontes.com\/index.php?rest_route=\/wp\/v2\/posts"}],"about":[{"href":"https:\/\/2horizontes.com\/index.php?rest_route=\/wp\/v2\/types\/post"}],"author":[{"embeddable":true,"href":"https:\/\/2horizontes.com\/index.php?rest_route=\/wp\/v2\/users\/4"}],"replies":[{"embeddable":true,"href":"https:\/\/2horizontes.com\/index.php?rest_route=%2Fwp%2Fv2%2Fcomments&post=9619"}],"version-history":[{"count":3,"href":"https:\/\/2horizontes.com\/index.php?rest_route=\/wp\/v2\/posts\/9619\/revisions"}],"predecessor-version":[{"id":9623,"href":"https:\/\/2horizontes.com\/index.php?rest_route=\/wp\/v2\/posts\/9619\/revisions\/9623"}],"wp:featuredmedia":[{"embeddable":true,"href":"https:\/\/2horizontes.com\/index.php?rest_route=\/wp\/v2\/media\/9620"}],"wp:attachment":[{"href":"https:\/\/2horizontes.com\/index.php?rest_route=%2Fwp%2Fv2%2Fmedia&parent=9619"}],"wp:term":[{"taxonomy":"category","embeddable":true,"href":"https:\/\/2horizontes.com\/index.php?rest_route=%2Fwp%2Fv2%2Fcategories&post=9619"},{"taxonomy":"post_tag","embeddable":true,"href":"https:\/\/2horizontes.com\/index.php?rest_route=%2Fwp%2Fv2%2Ftags&post=9619"}],"curies":[{"name":"wp","href":"https:\/\/api.w.org\/{rel}","templated":true}]}}