{"id":9599,"date":"2015-05-28T13:01:25","date_gmt":"2015-05-28T12:01:25","guid":{"rendered":"http:\/\/2horizontes.com\/?p=9599"},"modified":"2015-05-28T13:01:25","modified_gmt":"2015-05-28T12:01:25","slug":"mexico-y-brasil-abren-un-capitulo-en-sus-relaciones","status":"publish","type":"post","link":"https:\/\/2horizontes.com\/?p=9599","title":{"rendered":"M\u00e9xico y Brasil abren un cap\u00edtulo en sus relaciones"},"content":{"rendered":"<p>AFP<\/p>\n<p>M\u00e9xico DF.- Las dos mayores econom\u00edas latinoamericanas\u00a0M\u00e9xico y Brasil , se proponen \u00abreinventar\u201d su relaci\u00f3n con nuevos acuerdos que ampl\u00eden su comercio e incentiven las inversiones, un pacto que sus presidentes Dilma Rousseff y Enrique Pe\u00f1a Nieto sellaron ayer\u00a0 brindado con tequila y caipiri\u00f1a.<br \/>\n\u00abHoy estamos dando un salto cualitativo en la relaci\u00f3n entre Brasil y M\u00e9xico. Abrimos un nuevo cap\u00edtulo\u201d, afirm\u00f3 Pe\u00f1a Nieto en un mensaje conjunto emitido\u00a0 a la prensa, con motivo de la primera visita de Estado de Rousseff a M\u00e9xico.<br \/>\nEl viaje de dos d\u00edas de la mandataria se da en el marco de las turbulencias econ\u00f3micas que afrontan ambos pa\u00edses, que llevaron a sus gobiernos a afrontar profundos recortes en sus presupuestos p\u00fablicos.<br \/>\nCon sus econom\u00edas deca\u00eddas o estancadas, los dos gobernantes sostuvieron que es la hora de estrechar su relaci\u00f3n comercial.<br \/>\n\u00abLas relaciones entre Brasil y M\u00e9xico presentan un grado de potencialidad que tenemos la obligaci\u00f3n de explorar\u201d, se\u00f1al\u00f3 Rousseff en una conferencia.<br \/>\nEl comercio entre ambos pa\u00edses se increment\u00f3 un 475% en las \u00faltimas dos d\u00e9cadas y en 2014 super\u00f3 los 9.000 millones de d\u00f3lares, pero ambos gobiernos ven posible doblar este nivel en la pr\u00f3xima d\u00e9cada.<br \/>\n\u00abQueremos pasar de los 9.200 millones de d\u00f3lares que tenemos hoy en comercio a eventualmente, en menos de 10 a\u00f1os, poder duplicar este nivel\u201d, proyect\u00f3 Pe\u00f1a Nieto. Aunque es su primera visita de Estado a M\u00e9xico desde que asumi\u00f3 el poder en 2011, Rousseff y Pe\u00f1a Nieto ya hab\u00edan sostenido cuatro encuentros.<\/p>\n","protected":false},"excerpt":{"rendered":"<p>AFP M\u00e9xico DF.- Las dos mayores econom\u00edas latinoamericanas\u00a0M\u00e9xico y Brasil , se proponen \u00abreinventar\u201d su relaci\u00f3n con nuevos acuerdos que ampl\u00eden su comercio e incentiven las inversiones, un pacto que sus presidentes Dilma Rousseff y Enrique Pe\u00f1a Nieto sellaron ayer\u00a0 brindado con tequila y caipiri\u00f1a. \u00abHoy estamos dando un salto cualitativo en la relaci\u00f3n entre [&hellip;]<\/p>\n","protected":false},"author":7,"featured_media":9600,"comment_status":"open","ping_status":"open","sticky":false,"template":"","format":"standard","meta":{"footnotes":""},"categories":[40,43],"tags":[],"class_list":["post-9599","post","type-post","status-publish","format-standard","has-post-thumbnail","hentry","category-internacionales","category-politica"],"_links":{"self":[{"href":"https:\/\/2horizontes.com\/index.php?rest_route=\/wp\/v2\/posts\/9599","targetHints":{"allow":["GET"]}}],"collection":[{"href":"https:\/\/2horizontes.com\/index.php?rest_route=\/wp\/v2\/posts"}],"about":[{"href":"https:\/\/2horizontes.com\/index.php?rest_route=\/wp\/v2\/types\/post"}],"author":[{"embeddable":true,"href":"https:\/\/2horizontes.com\/index.php?rest_route=\/wp\/v2\/users\/7"}],"replies":[{"embeddable":true,"href":"https:\/\/2horizontes.com\/index.php?rest_route=%2Fwp%2Fv2%2Fcomments&post=9599"}],"version-history":[{"count":1,"href":"https:\/\/2horizontes.com\/index.php?rest_route=\/wp\/v2\/posts\/9599\/revisions"}],"predecessor-version":[{"id":9601,"href":"https:\/\/2horizontes.com\/index.php?rest_route=\/wp\/v2\/posts\/9599\/revisions\/9601"}],"wp:featuredmedia":[{"embeddable":true,"href":"https:\/\/2horizontes.com\/index.php?rest_route=\/wp\/v2\/media\/9600"}],"wp:attachment":[{"href":"https:\/\/2horizontes.com\/index.php?rest_route=%2Fwp%2Fv2%2Fmedia&parent=9599"}],"wp:term":[{"taxonomy":"category","embeddable":true,"href":"https:\/\/2horizontes.com\/index.php?rest_route=%2Fwp%2Fv2%2Fcategories&post=9599"},{"taxonomy":"post_tag","embeddable":true,"href":"https:\/\/2horizontes.com\/index.php?rest_route=%2Fwp%2Fv2%2Ftags&post=9599"}],"curies":[{"name":"wp","href":"https:\/\/api.w.org\/{rel}","templated":true}]}}