{"id":9557,"date":"2015-05-28T06:17:23","date_gmt":"2015-05-28T05:17:23","guid":{"rendered":"http:\/\/2horizontes.com\/?p=9557"},"modified":"2015-05-28T06:17:23","modified_gmt":"2015-05-28T05:17:23","slug":"procurador-sugiere-implementar-politicas-de-salud-para-consumidores-de-drogas","status":"publish","type":"post","link":"https:\/\/2horizontes.com\/?p=9557","title":{"rendered":"Procurador sugiere implementar pol\u00edticas de salud para consumidores de drogas"},"content":{"rendered":"<p class=\"not-pspace\">RD-SANTO DOMINGO-El procurador general de la Rep\u00fablica plante\u00f3 este mi\u00e9rcoles una nueva forma de tratar a los consumidores de drogas, al tiempo de sugerir que los narcotraficantes sean perseguidos\u00a0como criminales de \u201cese mal social\u201d.<\/p>\n<p class=\"not-pspace\">Francisco Dom\u00ednguez Brito, al pronunciar el discurso de apertura\u00a0de la XIX Asamblea Plenaria de la Conferencia de Ministros de Justicia de los pa\u00edses Iberoamericanos, reiter\u00f3 su posici\u00f3n sobre la prevenci\u00f3n del consumo y venta de drogas en sectores y barrios a nivel nacional.<\/p>\n<p class=\"not-pspace\">Dom\u00ednguez Brito\u00a0declar\u00f3 que los consumidores deben ser tratados como un problema de Salud P\u00fablica y ser manejados como enfermos para lo que la prevenci\u00f3n forma parte esencial de la lucha contra las drogas.<\/p>\n<p class=\"not-pspace\">Dijo que\u00a0\u201clos consumidores deben ser tratados con pol\u00edticas de Salud P\u00fablica y de prevenci\u00f3n, dedic\u00e1ndose la persecuci\u00f3n a los narcotraficantes como los criminales responsables de ese mal social\u201d.<\/p>\n<p class=\"not-pspace\">Veinti\u00fan pa\u00edses participan en la XIX asambleas Plenaria de la Conferencia de Ministros de Justicia Iberoamericana, quienes debaten como afrontar los desaf\u00edos en materia de pol\u00edticas p\u00fablicas y de seguridad de la regi\u00f3n.<\/p>\n<p class=\"not-pspace\">En su discurso, el funcionario dominicano hizo un recuento de los avances, convenios internacionales que ha ratificado para el combate de la lucha del crimen y el narcotr\u00e1fico.<\/p>\n","protected":false},"excerpt":{"rendered":"<p>RD-SANTO DOMINGO-El procurador general de la Rep\u00fablica plante\u00f3 este mi\u00e9rcoles una nueva forma de tratar a los consumidores de drogas, al tiempo de sugerir que los narcotraficantes sean perseguidos\u00a0como criminales de \u201cese mal social\u201d. Francisco Dom\u00ednguez Brito, al pronunciar el discurso de apertura\u00a0de la XIX Asamblea Plenaria de la Conferencia de Ministros de Justicia de [&hellip;]<\/p>\n","protected":false},"author":8,"featured_media":9558,"comment_status":"open","ping_status":"open","sticky":false,"template":"","format":"standard","meta":{"footnotes":""},"categories":[44],"tags":[],"class_list":["post-9557","post","type-post","status-publish","format-standard","has-post-thumbnail","hentry","category-republica-dominicana"],"_links":{"self":[{"href":"https:\/\/2horizontes.com\/index.php?rest_route=\/wp\/v2\/posts\/9557","targetHints":{"allow":["GET"]}}],"collection":[{"href":"https:\/\/2horizontes.com\/index.php?rest_route=\/wp\/v2\/posts"}],"about":[{"href":"https:\/\/2horizontes.com\/index.php?rest_route=\/wp\/v2\/types\/post"}],"author":[{"embeddable":true,"href":"https:\/\/2horizontes.com\/index.php?rest_route=\/wp\/v2\/users\/8"}],"replies":[{"embeddable":true,"href":"https:\/\/2horizontes.com\/index.php?rest_route=%2Fwp%2Fv2%2Fcomments&post=9557"}],"version-history":[{"count":1,"href":"https:\/\/2horizontes.com\/index.php?rest_route=\/wp\/v2\/posts\/9557\/revisions"}],"predecessor-version":[{"id":9559,"href":"https:\/\/2horizontes.com\/index.php?rest_route=\/wp\/v2\/posts\/9557\/revisions\/9559"}],"wp:featuredmedia":[{"embeddable":true,"href":"https:\/\/2horizontes.com\/index.php?rest_route=\/wp\/v2\/media\/9558"}],"wp:attachment":[{"href":"https:\/\/2horizontes.com\/index.php?rest_route=%2Fwp%2Fv2%2Fmedia&parent=9557"}],"wp:term":[{"taxonomy":"category","embeddable":true,"href":"https:\/\/2horizontes.com\/index.php?rest_route=%2Fwp%2Fv2%2Fcategories&post=9557"},{"taxonomy":"post_tag","embeddable":true,"href":"https:\/\/2horizontes.com\/index.php?rest_route=%2Fwp%2Fv2%2Ftags&post=9557"}],"curies":[{"name":"wp","href":"https:\/\/api.w.org\/{rel}","templated":true}]}}