{"id":9506,"date":"2015-05-27T23:45:42","date_gmt":"2015-05-27T22:45:42","guid":{"rendered":"http:\/\/2horizontes.com\/?p=9506"},"modified":"2015-05-27T23:45:42","modified_gmt":"2015-05-27T22:45:42","slug":"margarita-espera-que-danilo-y-leonel-lleguen-algun-acuerdo","status":"publish","type":"post","link":"https:\/\/2horizontes.com\/?p=9506","title":{"rendered":"Margarita espera  que Danilo y Leonel lleguen alg\u00fan acuerdo"},"content":{"rendered":"<p>SANTO DOMINGO.- La vicepresidenta Margarita Cede\u00f1o de Fern\u00e1ndez dijo que espera que \u201cla Estrella de Bel\u00e9n\u201d y la del Partido de la Liberaci\u00f3n Dominicana iluminen los corazones del presidente Danilo Medina y su predecesor, Leonel Fern\u00e1ndez, para que puedan llegar a un entendimiento y esa organizaci\u00f3n conserve el poder m\u00e1s all\u00e1 del 2016.<\/p>\n<p>\u201cEspero que la Estrella de Bel\u00e9n y la estrella amarilla del PLD iluminen los corazones de nuestros dos dirigentes, que siempre han sido muy maduros, que siempre han sido muy sopesados y que siempre han sabido llegar a acuerdos y consensos para que este partido pueda seguir siendo unido\u201d, indic\u00f3.<\/p>\n<p>Agreg\u00f3 que \u201cespero que eso ocurra, para que el PLD salga fortalecido y siga siendo victorioso, por el bien de la democracia y del pueblo dominicano\u201d.<\/p>\n<p>Cede\u00f1o de Fern\u00e1ndez habl\u00f3 previo a una reuni\u00f3n privada en el sal\u00f3n verde del Palacio Nacional, donde recibir\u00eda un informe sobre el desarrollo del programa Progresando con Solidaridad.<\/p>\n","protected":false},"excerpt":{"rendered":"<p>SANTO DOMINGO.- La vicepresidenta Margarita Cede\u00f1o de Fern\u00e1ndez dijo que espera que \u201cla Estrella de Bel\u00e9n\u201d y la del Partido de la Liberaci\u00f3n Dominicana iluminen los corazones del presidente Danilo Medina y su predecesor, Leonel Fern\u00e1ndez, para que puedan llegar a un entendimiento y esa organizaci\u00f3n conserve el poder m\u00e1s all\u00e1 del 2016. \u201cEspero que [&hellip;]<\/p>\n","protected":false},"author":4,"featured_media":9507,"comment_status":"open","ping_status":"open","sticky":false,"template":"","format":"standard","meta":{"footnotes":""},"categories":[43,44],"tags":[],"class_list":["post-9506","post","type-post","status-publish","format-standard","has-post-thumbnail","hentry","category-politica","category-republica-dominicana"],"_links":{"self":[{"href":"https:\/\/2horizontes.com\/index.php?rest_route=\/wp\/v2\/posts\/9506","targetHints":{"allow":["GET"]}}],"collection":[{"href":"https:\/\/2horizontes.com\/index.php?rest_route=\/wp\/v2\/posts"}],"about":[{"href":"https:\/\/2horizontes.com\/index.php?rest_route=\/wp\/v2\/types\/post"}],"author":[{"embeddable":true,"href":"https:\/\/2horizontes.com\/index.php?rest_route=\/wp\/v2\/users\/4"}],"replies":[{"embeddable":true,"href":"https:\/\/2horizontes.com\/index.php?rest_route=%2Fwp%2Fv2%2Fcomments&post=9506"}],"version-history":[{"count":1,"href":"https:\/\/2horizontes.com\/index.php?rest_route=\/wp\/v2\/posts\/9506\/revisions"}],"predecessor-version":[{"id":9508,"href":"https:\/\/2horizontes.com\/index.php?rest_route=\/wp\/v2\/posts\/9506\/revisions\/9508"}],"wp:featuredmedia":[{"embeddable":true,"href":"https:\/\/2horizontes.com\/index.php?rest_route=\/wp\/v2\/media\/9507"}],"wp:attachment":[{"href":"https:\/\/2horizontes.com\/index.php?rest_route=%2Fwp%2Fv2%2Fmedia&parent=9506"}],"wp:term":[{"taxonomy":"category","embeddable":true,"href":"https:\/\/2horizontes.com\/index.php?rest_route=%2Fwp%2Fv2%2Fcategories&post=9506"},{"taxonomy":"post_tag","embeddable":true,"href":"https:\/\/2horizontes.com\/index.php?rest_route=%2Fwp%2Fv2%2Ftags&post=9506"}],"curies":[{"name":"wp","href":"https:\/\/api.w.org\/{rel}","templated":true}]}}