{"id":9401,"date":"2015-05-27T14:03:01","date_gmt":"2015-05-27T13:03:01","guid":{"rendered":"http:\/\/2horizontes.com\/?p=9401"},"modified":"2015-05-27T14:03:01","modified_gmt":"2015-05-27T13:03:01","slug":"susana-diaz-suspende-su-reunion-con-pedro-sanchez","status":"publish","type":"post","link":"https:\/\/2horizontes.com\/?p=9401","title":{"rendered":"Susana D\u00edaz suspende su reuni\u00f3n con Pedro S\u00e1nchez"},"content":{"rendered":"<p class=\"p\">Finalmente, este mi\u00e9rcoles no habr\u00e1 reuni\u00f3n entre Pedro S\u00e1nchez y la presidenta en funciones de la Junta de Andaluc\u00eda, seg\u00fan anunciaron esta ma\u00f1ana fuentes socialistas. Al parecer, Susana D\u00edaz, embarazada de siete meses, se ha visto obligada a posponerla por una cita m\u00e9dica.<\/p>\n<p class=\"p\">Seg\u00fan las mismas fuentes, tanto ella como el secretario general del PSOE van a intentar \u00abcuadrar agendas\u00bb para verse antes de la importante cita del Comit\u00e9 Federal del PSOE, este s\u00e1bado en Ferraz.<\/p>\n<p class=\"p\">En esa reuni\u00f3n, en m\u00e1ximo \u00f3rgano entre congresos va a analizar la pol\u00edtica de pactos con Podemos y Ciudadanos, sobre la cual la l\u00edder del PSOE andaluz ha mostrado algunas reservas. Teme que si el PSOE es percibido como participante en una operaci\u00f3n de \u00abcambio de cromos\u00bb en toda Espa\u00f1a puedan \u00abentrar en una situaci\u00f3n de gran riesgo\u00bb.<\/p>\n<p class=\"p\">La cita suspendida formaba parte de una ronda de Pedro S\u00e1nchez con todos los barones socialistas para unificar posturas, que empez\u00f3 el lunes mismo con \u00c1ngel Gabilondo y terminar\u00e1 ma\u00f1ana, jueves.<\/p>\n<p><!-- Here comes the story ad code --><\/p>\n<p class=\"p\">El l\u00edder socialista, que tiene intenci\u00f3n de dejar \u00abmanos libres\u00bb a los territorios para los pactos, quiere antes unificar criterios y dar sensaci\u00f3n de control central de los acuerdos. A eso responde las llamadas que ayer efectu\u00f3 al l\u00edder de Podemos, Pablo Iglesias, y Ciudadanos, Albert Rivera, con quienes qued\u00f3 en verse, por separado, \u00aben las pr\u00f3ximas semanas\u00bb.<\/p>\n","protected":false},"excerpt":{"rendered":"<p>Finalmente, este mi\u00e9rcoles no habr\u00e1 reuni\u00f3n entre Pedro S\u00e1nchez y la presidenta en funciones de la Junta de Andaluc\u00eda, seg\u00fan anunciaron esta ma\u00f1ana fuentes socialistas. Al parecer, Susana D\u00edaz, embarazada de siete meses, se ha visto obligada a posponerla por una cita m\u00e9dica. Seg\u00fan las mismas fuentes, tanto ella como el secretario general del PSOE [&hellip;]<\/p>\n","protected":false},"author":3,"featured_media":9402,"comment_status":"open","ping_status":"open","sticky":false,"template":"","format":"standard","meta":{"footnotes":""},"categories":[85,43],"tags":[],"class_list":["post-9401","post","type-post","status-publish","format-standard","has-post-thumbnail","hentry","category-espana","category-politica"],"_links":{"self":[{"href":"https:\/\/2horizontes.com\/index.php?rest_route=\/wp\/v2\/posts\/9401","targetHints":{"allow":["GET"]}}],"collection":[{"href":"https:\/\/2horizontes.com\/index.php?rest_route=\/wp\/v2\/posts"}],"about":[{"href":"https:\/\/2horizontes.com\/index.php?rest_route=\/wp\/v2\/types\/post"}],"author":[{"embeddable":true,"href":"https:\/\/2horizontes.com\/index.php?rest_route=\/wp\/v2\/users\/3"}],"replies":[{"embeddable":true,"href":"https:\/\/2horizontes.com\/index.php?rest_route=%2Fwp%2Fv2%2Fcomments&post=9401"}],"version-history":[{"count":1,"href":"https:\/\/2horizontes.com\/index.php?rest_route=\/wp\/v2\/posts\/9401\/revisions"}],"predecessor-version":[{"id":9403,"href":"https:\/\/2horizontes.com\/index.php?rest_route=\/wp\/v2\/posts\/9401\/revisions\/9403"}],"wp:featuredmedia":[{"embeddable":true,"href":"https:\/\/2horizontes.com\/index.php?rest_route=\/wp\/v2\/media\/9402"}],"wp:attachment":[{"href":"https:\/\/2horizontes.com\/index.php?rest_route=%2Fwp%2Fv2%2Fmedia&parent=9401"}],"wp:term":[{"taxonomy":"category","embeddable":true,"href":"https:\/\/2horizontes.com\/index.php?rest_route=%2Fwp%2Fv2%2Fcategories&post=9401"},{"taxonomy":"post_tag","embeddable":true,"href":"https:\/\/2horizontes.com\/index.php?rest_route=%2Fwp%2Fv2%2Ftags&post=9401"}],"curies":[{"name":"wp","href":"https:\/\/api.w.org\/{rel}","templated":true}]}}