{"id":9397,"date":"2015-05-27T13:58:34","date_gmt":"2015-05-27T12:58:34","guid":{"rendered":"http:\/\/2horizontes.com\/?p=9397"},"modified":"2015-05-27T14:00:04","modified_gmt":"2015-05-27T13:00:04","slug":"rajoy-no-se-siente-cuestionado-por-las-criticas-de-sus-barones","status":"publish","type":"post","link":"https:\/\/2horizontes.com\/?p=9397","title":{"rendered":"Rajoy no se siente cuestionado por las cr\u00edticas de sus barones"},"content":{"rendered":"<p>Mariano Rajoy reafirm\u00f3\u00a0 tras la reuni\u00f3n de la ejecutiva nacional del PP, que se siente seguro con su futura candidatura a la presidencia del Gobierno y entiende que nada sustancial ha cambiado desde entonces.<\/p>\n<p>El presidente del PP y del Gobierno comprende algunas de las cr\u00edticas de dirigentes territoriales, en especial del bar\u00f3n de Castilla y Le\u00f3n, Juan Vicente Herrera, m\u00e1s en clave personal que pol\u00edtica, y rechaza que las alusiones cr\u00edticas de ese dirigente y de otros responsables auton\u00f3micos del partido sobre la necesidad de una renovaci\u00f3n interna y de caras j\u00f3venes \u00aben la misma l\u00ednea que el discurso y rueda de prensa que el propio Rajoy ofreci\u00f3 el lunes en la sede central del PP\u00bb, seg\u00fan fuentes oficiales de su entorno en La Moncloa.<\/p>\n<p>Ni el presidente Rajoy ni ning\u00fan m\u00e1ximo responsable del PP nacional llamaron ayer a Herrera y tanto en el partido como en La Moncloa se descartan totalmente ning\u00fan tipo de medidas o acciones contra el presidente de Castilla y Le\u00f3n. En el entorno del propio Herrera tambi\u00e9n se desech\u00f3 cualquier posibilidad de dimisi\u00f3n o renuncia al cargo en estos momentos.<\/p>\n<p>El PP, de hecho, a\u00fan espera que Herrera recapacite a \u00faltima hora y renuncie a retirarse de la pol\u00edtica y por tanto a continuar al frente de la futura Junta de Castilla y Le\u00f3n. Una delegaci\u00f3n de los m\u00e1ximos representantes del PP de las nueve provincias de la regi\u00f3n se reunir\u00e1n hoy mismo con Herrera en Valladolid, te\u00f3ricamente en secreto y al margen de las estructuras oficiales del partido, para exponerle la necesidad de que siga en sus actuales responsabilidades. Una operaci\u00f3n similar ya se fragu\u00f3 antes de la reciente precampa\u00f1a cuando Herrera avis\u00f3 de que estaba pensando en abandonar y no presentarse.<\/p>\n<p>El PP le forz\u00f3 porque sin su candidatura peligraba la mayor\u00eda absoluta en el basti\u00f3n de Castilla y Le\u00f3n, como finalmente ocurri\u00f3. Otras fuentes del PP descartan casi totalmente que Herrera reconduzca ni sus cr\u00edticas a la direcci\u00f3n nacional del partido y al Gobierno ni su deseo de dejar la primera l\u00ednea de la pol\u00edtica porque est\u00e1 \u00abmuy harto\u00bb.<\/p>\n","protected":false},"excerpt":{"rendered":"<p>Mariano Rajoy reafirm\u00f3\u00a0 tras la reuni\u00f3n de la ejecutiva nacional del PP, que se siente seguro con su futura candidatura a la presidencia del Gobierno y entiende que nada sustancial ha cambiado desde entonces. El presidente del PP y del Gobierno comprende algunas de las cr\u00edticas de dirigentes territoriales, en especial del bar\u00f3n de Castilla [&hellip;]<\/p>\n","protected":false},"author":3,"featured_media":9398,"comment_status":"open","ping_status":"open","sticky":false,"template":"","format":"standard","meta":{"footnotes":""},"categories":[85,43],"tags":[],"class_list":["post-9397","post","type-post","status-publish","format-standard","has-post-thumbnail","hentry","category-espana","category-politica"],"_links":{"self":[{"href":"https:\/\/2horizontes.com\/index.php?rest_route=\/wp\/v2\/posts\/9397","targetHints":{"allow":["GET"]}}],"collection":[{"href":"https:\/\/2horizontes.com\/index.php?rest_route=\/wp\/v2\/posts"}],"about":[{"href":"https:\/\/2horizontes.com\/index.php?rest_route=\/wp\/v2\/types\/post"}],"author":[{"embeddable":true,"href":"https:\/\/2horizontes.com\/index.php?rest_route=\/wp\/v2\/users\/3"}],"replies":[{"embeddable":true,"href":"https:\/\/2horizontes.com\/index.php?rest_route=%2Fwp%2Fv2%2Fcomments&post=9397"}],"version-history":[{"count":2,"href":"https:\/\/2horizontes.com\/index.php?rest_route=\/wp\/v2\/posts\/9397\/revisions"}],"predecessor-version":[{"id":9400,"href":"https:\/\/2horizontes.com\/index.php?rest_route=\/wp\/v2\/posts\/9397\/revisions\/9400"}],"wp:featuredmedia":[{"embeddable":true,"href":"https:\/\/2horizontes.com\/index.php?rest_route=\/wp\/v2\/media\/9398"}],"wp:attachment":[{"href":"https:\/\/2horizontes.com\/index.php?rest_route=%2Fwp%2Fv2%2Fmedia&parent=9397"}],"wp:term":[{"taxonomy":"category","embeddable":true,"href":"https:\/\/2horizontes.com\/index.php?rest_route=%2Fwp%2Fv2%2Fcategories&post=9397"},{"taxonomy":"post_tag","embeddable":true,"href":"https:\/\/2horizontes.com\/index.php?rest_route=%2Fwp%2Fv2%2Ftags&post=9397"}],"curies":[{"name":"wp","href":"https:\/\/api.w.org\/{rel}","templated":true}]}}