{"id":9394,"date":"2015-05-27T13:51:18","date_gmt":"2015-05-27T12:51:18","guid":{"rendered":"http:\/\/2horizontes.com\/?p=9394"},"modified":"2015-05-27T13:51:18","modified_gmt":"2015-05-27T12:51:18","slug":"la-policia-desaloja-de-madrugada-a-los-okupas-del-futuro-museo-ambasz","status":"publish","type":"post","link":"https:\/\/2horizontes.com\/?p=9394","title":{"rendered":"La polic\u00eda desaloja de madrugada a los okupas del futuro museo Ambasz"},"content":{"rendered":"<p>Pasadas las tres y media de la madrugada, m\u00e1s de 150 polic\u00edas nacionales y municipales han cortado las manzanas aleda\u00f1as al edificio que ser\u00e1 la sede del museo del arquitecto Emilio Ambasz y lo han desalojado tras haber sido okupado la tarde de este martes. Los agentes han accedido al inmueble tras conseguir una orden del juzgado de guardia que les permit\u00eda la entrada. Las 25 personas que pernoctaban en el interior han sido identificadas, tras lo cual se han marchado sin ning\u00fan problema.<\/p>\n<p>El edificio fue okupado alrededor de las ocho de la tarde del martes por integrantes del Centro Social Patio Maravillas, con sede en la calle del Pez. Estos ya hab\u00edan intentado acceder a este inmueble el pasado 5 de enero, pero no pudieron. Ayer, sin embargo, lo hicieron sin ning\u00fan problema en este edificio de 3.600 metros cuadrados y propiedad del Ayuntamiento. Este se lo ha cedido al arquitecto Emilio Ambasz por un periodo de 75 a\u00f1os para que construya un museo.<\/p>\n<p>Los okupas hab\u00edan empezado las tareas de limpieza de este edificio de cinco plantas. En su interior quedaban a\u00fan restos de elementos sanitarios, ya que antes hab\u00eda sido un centro de salud. Hasta 2012 fue el centro de Madrid de la Universidad Nacional de Educaci\u00f3n a Distancia (UNED) antes de que se trasladara a Las Tablas.<\/p>\n<p>Parte de los okupas ten\u00edan previsto pasar la noche y continuar durante todo el d\u00eda de hoy con las labores de limpieza y adecuaci\u00f3n del centro para poder desarrollar en \u00e9l actividades sociales y culturales. Sus planes los ha frustrado la polic\u00eda de madrugada.<\/p>\n<p>A las tres y media llegaban unas 35 furgonetas tanto de las Unidades de Intervenci\u00f3n Policial (UIP, los antidisturbios) del Cuerpo Nacional de Polic\u00eda como de las Unidades Centrales de Seguridad (UCES), sus hom\u00f3logos en la Polic\u00eda Municipal de Madrid. Los agentes han acordonado la zona y se han bajado de los veh\u00edculos con todas las protecciones del cuerpo puestas y con los cascos en la cabeza. Algunos llevaban incluso escudos de defensa.<\/p>\n<p>Hab\u00eda un reducido grupo de periodistas en la puerta del centro y les han impedido realizar su trabajo. Les han mandado en un primer momento al paseo del Prado y despu\u00e9s m\u00e1s lejos para que no pudieran tomar ninguna imagen. A veces han empleado incluso mal tono al ordenarles que se marcharan de la zona en la que estaban.<\/p>\n<p>Los agentes han entrado en el edificio tras tocar varias veces al timbre y con la orden judicial en la mano. Despu\u00e9s han recorrido todo el inmueble y han identificado a todas las personas que estaban dentro. Han quitado una pancarta que los okupas hab\u00edan colocado en uno de los balcones y han apagado todas las luces. No ha habido detenidos.<\/p>\n<p>Conforme avanzaba la operaci\u00f3n, los agentes se han ido marchando ya que han llegado a copar toda la plaza del Caixaforum, que se encuentra justo delante del edificio ya desalojado. Todo el carril bus del paseo del Prado en sentido bajada a Atocha ha quedado copado por decenas de veh\u00edculos policiales, en su mayor\u00eda furgonetas.<\/p>\n<p>Alrededor de las cuatro y media de la madrugada ha concluido la operaci\u00f3n. Los agentes han puesto dos gruesas cadenas en las dos principales puertas de entrada del inmueble (situadas en el paseo del Prado y en la calle del Gobernador) para tratar de impedir que sea okupado de nuevo.<\/p>\n","protected":false},"excerpt":{"rendered":"<p>Pasadas las tres y media de la madrugada, m\u00e1s de 150 polic\u00edas nacionales y municipales han cortado las manzanas aleda\u00f1as al edificio que ser\u00e1 la sede del museo del arquitecto Emilio Ambasz y lo han desalojado tras haber sido okupado la tarde de este martes. Los agentes han accedido al inmueble tras conseguir una orden [&hellip;]<\/p>\n","protected":false},"author":3,"featured_media":9395,"comment_status":"open","ping_status":"open","sticky":false,"template":"","format":"standard","meta":{"footnotes":""},"categories":[85,43],"tags":[],"class_list":["post-9394","post","type-post","status-publish","format-standard","has-post-thumbnail","hentry","category-espana","category-politica"],"_links":{"self":[{"href":"https:\/\/2horizontes.com\/index.php?rest_route=\/wp\/v2\/posts\/9394","targetHints":{"allow":["GET"]}}],"collection":[{"href":"https:\/\/2horizontes.com\/index.php?rest_route=\/wp\/v2\/posts"}],"about":[{"href":"https:\/\/2horizontes.com\/index.php?rest_route=\/wp\/v2\/types\/post"}],"author":[{"embeddable":true,"href":"https:\/\/2horizontes.com\/index.php?rest_route=\/wp\/v2\/users\/3"}],"replies":[{"embeddable":true,"href":"https:\/\/2horizontes.com\/index.php?rest_route=%2Fwp%2Fv2%2Fcomments&post=9394"}],"version-history":[{"count":1,"href":"https:\/\/2horizontes.com\/index.php?rest_route=\/wp\/v2\/posts\/9394\/revisions"}],"predecessor-version":[{"id":9396,"href":"https:\/\/2horizontes.com\/index.php?rest_route=\/wp\/v2\/posts\/9394\/revisions\/9396"}],"wp:featuredmedia":[{"embeddable":true,"href":"https:\/\/2horizontes.com\/index.php?rest_route=\/wp\/v2\/media\/9395"}],"wp:attachment":[{"href":"https:\/\/2horizontes.com\/index.php?rest_route=%2Fwp%2Fv2%2Fmedia&parent=9394"}],"wp:term":[{"taxonomy":"category","embeddable":true,"href":"https:\/\/2horizontes.com\/index.php?rest_route=%2Fwp%2Fv2%2Fcategories&post=9394"},{"taxonomy":"post_tag","embeddable":true,"href":"https:\/\/2horizontes.com\/index.php?rest_route=%2Fwp%2Fv2%2Ftags&post=9394"}],"curies":[{"name":"wp","href":"https:\/\/api.w.org\/{rel}","templated":true}]}}