{"id":9324,"date":"2015-05-26T23:23:02","date_gmt":"2015-05-26T22:23:02","guid":{"rendered":"http:\/\/2horizontes.com\/?p=9324"},"modified":"2015-05-26T23:23:02","modified_gmt":"2015-05-26T22:23:02","slug":"banco-ademi-hace-donativo-a-jardin-botanico","status":"publish","type":"post","link":"https:\/\/2horizontes.com\/?p=9324","title":{"rendered":"Banco Ademi hace donativo a Jard\u00edn Bot\u00e1nico"},"content":{"rendered":"<p>RD-SANTIAGO. Banco Ademi anunci\u00f3, durante un encuentro con clientes y relacionados para presentar los resultados obtenidos por la entidad el pasado a\u00f1o, la entrega de una donaci\u00f3n por 400 mil pesos en dos montos iguales para Acci\u00f3n Callejera, y para el proyecto Jard\u00edn Bot\u00e1nico Eugenio de Jes\u00fas Marcano.\u00a0\u00a0El encuentro fue encabezado por su presidente, Ra\u00fal Lluberes De Ferrari, y por el vicepresidente, Juan ManuelUre\u00f1a. Adem\u00e1s estuvo presente el presidente ejecutivo de la entidad, Guillermo Rond\u00f3n.<\/p>\n<p>Lluberes De Ferrari, afirm\u00f3 que \u201choy estamos en esta ciudad coraz\u00f3n, porque entendemos que ustedes son parte de la historia de Banco Ademi. Compartimos con alegr\u00eda y humildad en este agasajo, los extraordinarios logros de nuestra entidad, as\u00ed como nuestros nuevos proyectos de inter\u00e9s para todos ustedes\u201d, agreg\u00f3.<\/p>\n<p>Valor\u00f3 el papel de Santiago en la econom\u00eda del pa\u00eds, a la vez que reiter\u00f3 el compromiso de la instituci\u00f3n de seguir aportando al sector de las Mypimes, ahora como banco m\u00faltiple, tal como lo hicieron desde su fundaci\u00f3n en 1983.<\/p>\n<p>Ure\u00f1a, expres\u00f3 palabras emotivas sobre su padre, Don Manuel Arsenio Ure\u00f1a, quien fue uno de los fundadores de la entidad.<\/p>\n","protected":false},"excerpt":{"rendered":"<p>RD-SANTIAGO. Banco Ademi anunci\u00f3, durante un encuentro con clientes y relacionados para presentar los resultados obtenidos por la entidad el pasado a\u00f1o, la entrega de una donaci\u00f3n por 400 mil pesos en dos montos iguales para Acci\u00f3n Callejera, y para el proyecto Jard\u00edn Bot\u00e1nico Eugenio de Jes\u00fas Marcano.\u00a0\u00a0El encuentro fue encabezado por su presidente, Ra\u00fal [&hellip;]<\/p>\n","protected":false},"author":8,"featured_media":9325,"comment_status":"open","ping_status":"open","sticky":false,"template":"","format":"standard","meta":{"footnotes":""},"categories":[63,44],"tags":[],"class_list":["post-9324","post","type-post","status-publish","format-standard","has-post-thumbnail","hentry","category-economia","category-republica-dominicana"],"_links":{"self":[{"href":"https:\/\/2horizontes.com\/index.php?rest_route=\/wp\/v2\/posts\/9324","targetHints":{"allow":["GET"]}}],"collection":[{"href":"https:\/\/2horizontes.com\/index.php?rest_route=\/wp\/v2\/posts"}],"about":[{"href":"https:\/\/2horizontes.com\/index.php?rest_route=\/wp\/v2\/types\/post"}],"author":[{"embeddable":true,"href":"https:\/\/2horizontes.com\/index.php?rest_route=\/wp\/v2\/users\/8"}],"replies":[{"embeddable":true,"href":"https:\/\/2horizontes.com\/index.php?rest_route=%2Fwp%2Fv2%2Fcomments&post=9324"}],"version-history":[{"count":1,"href":"https:\/\/2horizontes.com\/index.php?rest_route=\/wp\/v2\/posts\/9324\/revisions"}],"predecessor-version":[{"id":9326,"href":"https:\/\/2horizontes.com\/index.php?rest_route=\/wp\/v2\/posts\/9324\/revisions\/9326"}],"wp:featuredmedia":[{"embeddable":true,"href":"https:\/\/2horizontes.com\/index.php?rest_route=\/wp\/v2\/media\/9325"}],"wp:attachment":[{"href":"https:\/\/2horizontes.com\/index.php?rest_route=%2Fwp%2Fv2%2Fmedia&parent=9324"}],"wp:term":[{"taxonomy":"category","embeddable":true,"href":"https:\/\/2horizontes.com\/index.php?rest_route=%2Fwp%2Fv2%2Fcategories&post=9324"},{"taxonomy":"post_tag","embeddable":true,"href":"https:\/\/2horizontes.com\/index.php?rest_route=%2Fwp%2Fv2%2Ftags&post=9324"}],"curies":[{"name":"wp","href":"https:\/\/api.w.org\/{rel}","templated":true}]}}