{"id":9301,"date":"2015-05-26T22:12:00","date_gmt":"2015-05-26T21:12:00","guid":{"rendered":"http:\/\/2horizontes.com\/?p=9301"},"modified":"2015-05-26T22:12:00","modified_gmt":"2015-05-26T21:12:00","slug":"canciller-de-costa-rica-visita-rd","status":"publish","type":"post","link":"https:\/\/2horizontes.com\/?p=9301","title":{"rendered":"Canciller de Costa Rica visita RD"},"content":{"rendered":"<p>RD-SANTO DOMINGO (PL).- El ministro de Relaciones Exteriores y Cultos de Costa Rica, Manuel Gonz\u00e1lez Sanz, inici\u00f3 hoy una visita a Rep\u00fablica Dominicana para asistir a una reuni\u00f3n bilateral, firmar acuerdos y reunirse con autoridades locales.<\/p>\n<p>A su llegada a esta capital fue recibido por el canciller dominicano, Andr\u00e9s Navarro, y de inmediato se dio a conocer la agenda del visitante que inicia ma\u00f1ana con la Reuni\u00f3n Bilateral Costa Rica-Rep\u00fablica Dominicana sobre comercio e inversi\u00f3n.<\/p>\n<p>Tambi\u00e9n el martes Gonz\u00e1lez se reunir\u00e1 con Navarro y posteriormente ser\u00e1 recibido por el presidente dominicano, Danilo Medina.<\/p>\n<p>Seg\u00fan explic\u00f3 la Canciller\u00eda, durante esta visita se firmar\u00e1n dos convenios, uno en el \u00e1rea de educaci\u00f3n, y otro de promoci\u00f3n de la cooperaci\u00f3n t\u00e9cnica, financiera, econ\u00f3mica, cient\u00edfica y cultural.<\/p>\n<p>El primero busca crear condiciones para establecer contactos regulares y de cooperaci\u00f3n entre los institutos de educaci\u00f3n superior en formaci\u00f3n diplom\u00e1tica y consular que rigen ambas canciller\u00edas.<\/p>\n<p>El segundo documento est\u00e1 dirigido a la ejecuci\u00f3n de programas y proyectos espec\u00edficos en \u00e1reas de inter\u00e9s com\u00fan, conforme a las prioridades de las estrategias y pol\u00edticas nacionales de desarrollo, seg\u00fan la canciller\u00eda dominicana.<\/p>\n","protected":false},"excerpt":{"rendered":"<p>RD-SANTO DOMINGO (PL).- El ministro de Relaciones Exteriores y Cultos de Costa Rica, Manuel Gonz\u00e1lez Sanz, inici\u00f3 hoy una visita a Rep\u00fablica Dominicana para asistir a una reuni\u00f3n bilateral, firmar acuerdos y reunirse con autoridades locales. A su llegada a esta capital fue recibido por el canciller dominicano, Andr\u00e9s Navarro, y de inmediato se dio [&hellip;]<\/p>\n","protected":false},"author":8,"featured_media":9302,"comment_status":"open","ping_status":"open","sticky":false,"template":"","format":"standard","meta":{"footnotes":""},"categories":[44],"tags":[],"class_list":["post-9301","post","type-post","status-publish","format-standard","has-post-thumbnail","hentry","category-republica-dominicana"],"_links":{"self":[{"href":"https:\/\/2horizontes.com\/index.php?rest_route=\/wp\/v2\/posts\/9301","targetHints":{"allow":["GET"]}}],"collection":[{"href":"https:\/\/2horizontes.com\/index.php?rest_route=\/wp\/v2\/posts"}],"about":[{"href":"https:\/\/2horizontes.com\/index.php?rest_route=\/wp\/v2\/types\/post"}],"author":[{"embeddable":true,"href":"https:\/\/2horizontes.com\/index.php?rest_route=\/wp\/v2\/users\/8"}],"replies":[{"embeddable":true,"href":"https:\/\/2horizontes.com\/index.php?rest_route=%2Fwp%2Fv2%2Fcomments&post=9301"}],"version-history":[{"count":1,"href":"https:\/\/2horizontes.com\/index.php?rest_route=\/wp\/v2\/posts\/9301\/revisions"}],"predecessor-version":[{"id":9303,"href":"https:\/\/2horizontes.com\/index.php?rest_route=\/wp\/v2\/posts\/9301\/revisions\/9303"}],"wp:featuredmedia":[{"embeddable":true,"href":"https:\/\/2horizontes.com\/index.php?rest_route=\/wp\/v2\/media\/9302"}],"wp:attachment":[{"href":"https:\/\/2horizontes.com\/index.php?rest_route=%2Fwp%2Fv2%2Fmedia&parent=9301"}],"wp:term":[{"taxonomy":"category","embeddable":true,"href":"https:\/\/2horizontes.com\/index.php?rest_route=%2Fwp%2Fv2%2Fcategories&post=9301"},{"taxonomy":"post_tag","embeddable":true,"href":"https:\/\/2horizontes.com\/index.php?rest_route=%2Fwp%2Fv2%2Ftags&post=9301"}],"curies":[{"name":"wp","href":"https:\/\/api.w.org\/{rel}","templated":true}]}}