{"id":9291,"date":"2015-05-26T21:48:09","date_gmt":"2015-05-26T20:48:09","guid":{"rendered":"http:\/\/2horizontes.com\/?p=9291"},"modified":"2015-05-26T21:48:09","modified_gmt":"2015-05-26T20:48:09","slug":"obras-publicas-cerrara-tuneles-y-pasos-a-desnivel-de-avenidas-principales","status":"publish","type":"post","link":"https:\/\/2horizontes.com\/?p=9291","title":{"rendered":"OBRAS PUBLICAS CERRARA T\u00daNELES Y PASOS A DESNIVEL DE AVENIDAS PRINCIPALES"},"content":{"rendered":"<p>RD-SANTO DOMINGO-El Ministerio de Obras P\u00fablicas cerrar\u00e1 ma\u00f1ana el tr\u00e1nsito vehicular por el t\u00fanel de Las Am\u00e9ricas, debido a que ser\u00e1 sometido a un proceso de lavado, barrido completo y retiro de s\u00f3lidos en el sistema de drenaje.<\/p>\n<p>A trav\u00e9s de una nota, el ministerio inform\u00f3 que el per\u00edodo de cierre ser\u00e1 desde las 10:00 de la noche del mi\u00e9rcoles hasta las 6:00 de la ma\u00f1ana del jueves.<\/p>\n<p>Asimismo, indic\u00f3 que hoy en ese mismo horario cerrar\u00e1 el paso a desnivel de las avenidas Hermanas Mirabal con Charles De Gaulle. Los trabajos all\u00ed consisten en lavado, barrido completo del t\u00fanel, y supervisi\u00f3n estructural y el\u00e9ctrica.<\/p>\n<p>Asegur\u00f3 que esos trabajos tambi\u00e9n se llevaron a cabo en el elevado de la avenida M\u00e1ximo G\u00f3mez con Nicol\u00e1s de Ovando, en la parte alta de la ciudad.<\/p>\n<p>Inform\u00f3 brigadas de Obras P\u00fablicas laboran en el bacheo de la calle V\u00edctor Garrido Puello, despu\u00e9s de la Winston Churchill y en sentido Oeste-Este; la calle 5, entre la calle Roberto Pastoriza y la Paseo de los Locutores (sector Evaristo Morales); y en la avenida Las Am\u00e9ricas (despu\u00e9s del puente Juan Carlos).<\/p>\n<p>Tambi\u00e9n, se\u00f1al\u00f3 que el programa de bacheo incluye la carretera Villa Mella-Cruce La Bomba, municipio Santo Domingo Norte, y la calle 12 del sector Los Peralejos, Distrito Nacional.<\/p>\n<p>Obras P\u00fablicas pidi\u00f3 excusas a los usuarios de las v\u00edas intervenidas y a la ciudadan\u00eda en general por los inconvenientes que estas medidas les puedan ocasionar.<\/p>\n","protected":false},"excerpt":{"rendered":"<p>RD-SANTO DOMINGO-El Ministerio de Obras P\u00fablicas cerrar\u00e1 ma\u00f1ana el tr\u00e1nsito vehicular por el t\u00fanel de Las Am\u00e9ricas, debido a que ser\u00e1 sometido a un proceso de lavado, barrido completo y retiro de s\u00f3lidos en el sistema de drenaje. A trav\u00e9s de una nota, el ministerio inform\u00f3 que el per\u00edodo de cierre ser\u00e1 desde las 10:00 [&hellip;]<\/p>\n","protected":false},"author":8,"featured_media":9292,"comment_status":"open","ping_status":"open","sticky":false,"template":"","format":"standard","meta":{"footnotes":""},"categories":[44],"tags":[],"class_list":["post-9291","post","type-post","status-publish","format-standard","has-post-thumbnail","hentry","category-republica-dominicana"],"_links":{"self":[{"href":"https:\/\/2horizontes.com\/index.php?rest_route=\/wp\/v2\/posts\/9291","targetHints":{"allow":["GET"]}}],"collection":[{"href":"https:\/\/2horizontes.com\/index.php?rest_route=\/wp\/v2\/posts"}],"about":[{"href":"https:\/\/2horizontes.com\/index.php?rest_route=\/wp\/v2\/types\/post"}],"author":[{"embeddable":true,"href":"https:\/\/2horizontes.com\/index.php?rest_route=\/wp\/v2\/users\/8"}],"replies":[{"embeddable":true,"href":"https:\/\/2horizontes.com\/index.php?rest_route=%2Fwp%2Fv2%2Fcomments&post=9291"}],"version-history":[{"count":1,"href":"https:\/\/2horizontes.com\/index.php?rest_route=\/wp\/v2\/posts\/9291\/revisions"}],"predecessor-version":[{"id":9293,"href":"https:\/\/2horizontes.com\/index.php?rest_route=\/wp\/v2\/posts\/9291\/revisions\/9293"}],"wp:featuredmedia":[{"embeddable":true,"href":"https:\/\/2horizontes.com\/index.php?rest_route=\/wp\/v2\/media\/9292"}],"wp:attachment":[{"href":"https:\/\/2horizontes.com\/index.php?rest_route=%2Fwp%2Fv2%2Fmedia&parent=9291"}],"wp:term":[{"taxonomy":"category","embeddable":true,"href":"https:\/\/2horizontes.com\/index.php?rest_route=%2Fwp%2Fv2%2Fcategories&post=9291"},{"taxonomy":"post_tag","embeddable":true,"href":"https:\/\/2horizontes.com\/index.php?rest_route=%2Fwp%2Fv2%2Ftags&post=9291"}],"curies":[{"name":"wp","href":"https:\/\/api.w.org\/{rel}","templated":true}]}}