{"id":9177,"date":"2015-05-26T17:56:04","date_gmt":"2015-05-26T16:56:04","guid":{"rendered":"http:\/\/2horizontes.com\/?p=9177"},"modified":"2015-05-26T17:56:04","modified_gmt":"2015-05-26T16:56:04","slug":"los-diputados-y-concejales-de-podemos-no-cobraran-mas-de-1930-euros","status":"publish","type":"post","link":"https:\/\/2horizontes.com\/?p=9177","title":{"rendered":"Los diputados y concejales de Podemos no cobrar\u00e1n mas de 1930 euros"},"content":{"rendered":"<p>Podemos ya tiene representaci\u00f3n institucional en 14 comunidades aut\u00f3nomas y, a trav\u00e9s de candidaturas de unidad popular, tendr\u00e1 centenares de concejales en las Administraciones municipales. La formaci\u00f3n de Pablo Iglesias mantiene para las cargos electos el pasado 24 de mayo una exigencia que ya fij\u00f3 tras las elecciones europeas de hace un a\u00f1o.<\/p>\n<p><!--more--><\/p>\n<p>Los cargos electos que pertenezcan al partido, es decir, inscritos a trav\u00e9s de su p\u00e1gina web, no cobrar\u00e1n un sueldo superior a algo m\u00e1s de 1.900 euros, tres veces el salario m\u00ednimo interprofesional. As\u00ed lo estableci\u00f3 el Consejo Ciudadano en una reuni\u00f3n celebrada la semana pasada, seg\u00fan adelant\u00f3 el diario.es y han confirmado fuentes de la organizaci\u00f3n.<\/p>\n<p>Esta circunstancia puede choca con el criterio elegido por ejemplo por Manuela Carmena en en Madrid. El sueldo que percibir\u00edan los concejales rasos con dedicaci\u00f3n exclusiva de Ahora Madrid, lista formada por inscritos en Podemos, pero tambi\u00e9n miembros de Ganemos y otras fuerzas, es cuatro veces el salario m\u00ednimo interprofesional espa\u00f1ol (648,60 euros) \u201414 pagas de 2.594 euros\u2014. Se trata de un salario m\u00ednimo m\u00e1s del fijado por Podemos para sus eurodiputados, que se comprometieron a cobrar 1.935 euros de la cantidad total que percibe mensualmente un eurodiputado.<\/p>\n<p>Hace un a\u00f1o, Pablo Iglesias declar\u00f3 para argumentar esa decisi\u00f3n: \u201cNing\u00fan eurodiputado se atrever\u00e1 a decir que en Espa\u00f1a no se puede vivir con 1.930 euros al mes, sobre todo cuando te pagan las dietas\u201d. Los eurodiputados de la formaci\u00f3n donan desde entonces a terceros la parte restante de su retribuci\u00f3n, que asciende a cerca de 8.000 euros.<\/p>\n","protected":false},"excerpt":{"rendered":"<p>Podemos ya tiene representaci\u00f3n institucional en 14 comunidades aut\u00f3nomas y, a trav\u00e9s de candidaturas de unidad popular, tendr\u00e1 centenares de concejales en las Administraciones municipales. La formaci\u00f3n de Pablo Iglesias mantiene para las cargos electos el pasado 24 de mayo una exigencia que ya fij\u00f3 tras las elecciones europeas de hace un a\u00f1o.<\/p>\n","protected":false},"author":2,"featured_media":9180,"comment_status":"open","ping_status":"open","sticky":false,"template":"","format":"standard","meta":{"footnotes":""},"categories":[85,43],"tags":[],"class_list":["post-9177","post","type-post","status-publish","format-standard","has-post-thumbnail","hentry","category-espana","category-politica"],"_links":{"self":[{"href":"https:\/\/2horizontes.com\/index.php?rest_route=\/wp\/v2\/posts\/9177","targetHints":{"allow":["GET"]}}],"collection":[{"href":"https:\/\/2horizontes.com\/index.php?rest_route=\/wp\/v2\/posts"}],"about":[{"href":"https:\/\/2horizontes.com\/index.php?rest_route=\/wp\/v2\/types\/post"}],"author":[{"embeddable":true,"href":"https:\/\/2horizontes.com\/index.php?rest_route=\/wp\/v2\/users\/2"}],"replies":[{"embeddable":true,"href":"https:\/\/2horizontes.com\/index.php?rest_route=%2Fwp%2Fv2%2Fcomments&post=9177"}],"version-history":[{"count":1,"href":"https:\/\/2horizontes.com\/index.php?rest_route=\/wp\/v2\/posts\/9177\/revisions"}],"predecessor-version":[{"id":9181,"href":"https:\/\/2horizontes.com\/index.php?rest_route=\/wp\/v2\/posts\/9177\/revisions\/9181"}],"wp:featuredmedia":[{"embeddable":true,"href":"https:\/\/2horizontes.com\/index.php?rest_route=\/wp\/v2\/media\/9180"}],"wp:attachment":[{"href":"https:\/\/2horizontes.com\/index.php?rest_route=%2Fwp%2Fv2%2Fmedia&parent=9177"}],"wp:term":[{"taxonomy":"category","embeddable":true,"href":"https:\/\/2horizontes.com\/index.php?rest_route=%2Fwp%2Fv2%2Fcategories&post=9177"},{"taxonomy":"post_tag","embeddable":true,"href":"https:\/\/2horizontes.com\/index.php?rest_route=%2Fwp%2Fv2%2Ftags&post=9177"}],"curies":[{"name":"wp","href":"https:\/\/api.w.org\/{rel}","templated":true}]}}