{"id":9112,"date":"2015-05-26T13:12:22","date_gmt":"2015-05-26T12:12:22","guid":{"rendered":"http:\/\/2horizontes.com\/?p=9112"},"modified":"2015-05-26T13:12:55","modified_gmt":"2015-05-26T12:12:55","slug":"aleix-vidal-y-sergio-rico-en-la-seleccion-de-del-bosque","status":"publish","type":"post","link":"https:\/\/2horizontes.com\/?p=9112","title":{"rendered":"Aleix Vidal y Sergio Rico, en la selecci\u00f3n de Del Bosque"},"content":{"rendered":"<p class=\"imprimir\">Aleix Vidal, veloc\u00edsimo extremo del Sevilla, y Sergio Rico, portero de 21 a\u00f1os tambi\u00e9n del conjunto hispalense, son las principales novedades del seleccionador espa\u00f1ol, Vicente del Bosque, para los pr\u00f3ximos dos compromisos de Espa\u00f1a: el d\u00eda 11 de junio un amistoso ante Costa Rica en Le\u00f3n y frente a Bielorrusia, el 14 en Minks, en un choque clasificatorio para la Europa de Francia 2016.<\/p>\n<div id=\"cuerpo_noticia\" class=\"cuerpo_noticia\">\n<p>Otras novedades son los regresos de\u00a0 Alc\u00e1cer, delantero del Valencia, y de Nolito, extremo del Celta, despu\u00e9s de estar ausentes en las \u00faltimas convocatorias. Alc\u00e1cer formar\u00e1 la delantera junto a Morata,mientras que Del Bosque prescinde en la lista de Diego Costa, despu\u00e9s de que el atacante hispano-brasile\u00f1o del Chelsea se hubiera ca\u00eddo de las \u00faltimas llamadas por lesi\u00f3n y con pol\u00e9mica por las quejas del t\u00e9cnico de los blues, Jos\u00e9 Mourinho.<\/p>\n<p>Tambi\u00e9n llama la atenci\u00f3n la presencia en la convocatoria de Bartra, pese a que apenas juega en el Bar\u00e7a; y la ausencia del mediocentro del Atl\u00e9tico Mario Su\u00e1rez, uno de los que peor parado sali\u00f3 del \u00faltimo amistoso perdido ante Holanda en \u00c1msterdam (2-0). Espa\u00f1a es segunda de grupo, con 12 puntos, por detr\u00e1s de Eslovaquia (15) y por delante de Ucrania (9). Se clasifican los dos primeros. Esta es la lista completa:<\/p>\n<p>PORTEROS: Iker Casillas (Real Madrid), David de Gea (Manchester United) y Sergio Rico (Sevilla).<\/p>\n<p>DEFENSAS: Marc Bartra (Barcelona), Juanfran (Atl\u00e9tico Madrid), Sergio Ramos (Real Madrid), Jordi Alba (Barcelona), Gerard Piqu\u00e9 (Barcelona), Dani Carvajal (Real Madrid), Juan Bernat (Bayern M\u00fanich) y Mikel San Jos\u00e9 (Athletic).<\/p>\n<p>CENTROCAMPISTAS: Sergio Busquets (Barcelona), Koke (Atl\u00e9tico Madrid), Isco (Real Madrid), Cesc F\u00e1bregas (Chelsea), Santi Cazorla (Arsenal), Aleix Vidal (Sevilla), David Silva (Manchester City), Vitolo (Sevilla) y Andr\u00e9s Iniesta (Barcelona).<\/p>\n<p>DELANTEROS: Pedro Rodr\u00edguez (Barcelona), Alvaro Morata (Juventus), Paco Alc\u00e1cer (Valencia) y Nolito (Celta).<\/p>\n<\/div>\n","protected":false},"excerpt":{"rendered":"<p>Aleix Vidal, veloc\u00edsimo extremo del Sevilla, y Sergio Rico, portero de 21 a\u00f1os tambi\u00e9n del conjunto hispalense, son las principales novedades del seleccionador espa\u00f1ol, Vicente del Bosque, para los pr\u00f3ximos dos compromisos de Espa\u00f1a: el d\u00eda 11 de junio un amistoso ante Costa Rica en Le\u00f3n y frente a Bielorrusia, el 14 en Minks, en [&hellip;]<\/p>\n","protected":false},"author":3,"featured_media":9113,"comment_status":"open","ping_status":"open","sticky":false,"template":"","format":"standard","meta":{"footnotes":""},"categories":[42],"tags":[],"class_list":["post-9112","post","type-post","status-publish","format-standard","has-post-thumbnail","hentry","category-deportes"],"_links":{"self":[{"href":"https:\/\/2horizontes.com\/index.php?rest_route=\/wp\/v2\/posts\/9112","targetHints":{"allow":["GET"]}}],"collection":[{"href":"https:\/\/2horizontes.com\/index.php?rest_route=\/wp\/v2\/posts"}],"about":[{"href":"https:\/\/2horizontes.com\/index.php?rest_route=\/wp\/v2\/types\/post"}],"author":[{"embeddable":true,"href":"https:\/\/2horizontes.com\/index.php?rest_route=\/wp\/v2\/users\/3"}],"replies":[{"embeddable":true,"href":"https:\/\/2horizontes.com\/index.php?rest_route=%2Fwp%2Fv2%2Fcomments&post=9112"}],"version-history":[{"count":2,"href":"https:\/\/2horizontes.com\/index.php?rest_route=\/wp\/v2\/posts\/9112\/revisions"}],"predecessor-version":[{"id":9115,"href":"https:\/\/2horizontes.com\/index.php?rest_route=\/wp\/v2\/posts\/9112\/revisions\/9115"}],"wp:featuredmedia":[{"embeddable":true,"href":"https:\/\/2horizontes.com\/index.php?rest_route=\/wp\/v2\/media\/9113"}],"wp:attachment":[{"href":"https:\/\/2horizontes.com\/index.php?rest_route=%2Fwp%2Fv2%2Fmedia&parent=9112"}],"wp:term":[{"taxonomy":"category","embeddable":true,"href":"https:\/\/2horizontes.com\/index.php?rest_route=%2Fwp%2Fv2%2Fcategories&post=9112"},{"taxonomy":"post_tag","embeddable":true,"href":"https:\/\/2horizontes.com\/index.php?rest_route=%2Fwp%2Fv2%2Ftags&post=9112"}],"curies":[{"name":"wp","href":"https:\/\/api.w.org\/{rel}","templated":true}]}}