{"id":9083,"date":"2015-05-26T06:52:12","date_gmt":"2015-05-26T05:52:12","guid":{"rendered":"http:\/\/2horizontes.com\/?p=9083"},"modified":"2015-05-26T06:52:12","modified_gmt":"2015-05-26T05:52:12","slug":"presidente-de-colombia-ordena-entregar-guerrilleros-de-farc-muertos-a-sus-familias","status":"publish","type":"post","link":"https:\/\/2horizontes.com\/?p=9083","title":{"rendered":"Presidente de Colombia ordena entregar guerrilleros de FARC muertos a sus familias"},"content":{"rendered":"<p class=\"mce\">AFP<\/p>\n<p class=\"mce\">Colombia.- El presidente de Colombia, Juan Manuel Santos, orden\u00f3 este lunes identificar a los 34 guerrilleros de las FARC que murieron en los \u00faltimos bombardeos oficiales, anunciando que esta ser\u00e1 la norma en adelante y pidiendo al pa\u00eds afligirse por todos los muertos de cualquier bando.<\/p>\n<div class=\"inset-grp-lt w3\"><\/div>\n<p class=\"mce\">\u00abLo que ha ocurrido en estos \u00faltimos d\u00edas es triste, a nadie puede alegrar la muerte de cualquier ser humano, somos todos colombianos y por eso hay que parar este desangre (&#8230;) tambi\u00e9n nos deben conmover a todos las familias de los guerrilleros muertos\u00bb, dijo Santos en una alocuci\u00f3n televisada.<\/p>\n<p class=\"mce\">\u00abPor eso, he dado la orden a Medicina Legal de identificar sus cad\u00e1veres y entregarlos a sus familias, como lo ha pedido las FARC. No m\u00e1s guerrilleros enterrados como NN (no identificados)\u00bb, a\u00f1adi\u00f3 el mandatario colombiano, asegurando que esa ser\u00e1 la norma de ahora en adelante.<\/p>\n<p class=\"mce\">El viernes, 26 guerrilleros de las Fuerzas Armadas Revolucionarias de Colombia (FARC, comunistas) murieron en un bombardeo militar contra el campamento en que se encontraban en Guapi, departamento del Cauca (suroesre). Mientras que otros ocho rebeldes fallecieron el fin de semana en una acci\u00f3n similar en Antioquia (noroeste).<\/p>\n<p class=\"mce\">Estos ataques, considerados una respuesta al atentado de las FARC en que murieron 11 militares hace poco m\u00e1s de un mes, llev\u00f3 a la guerrilla a suspender la tregua unilateral que hab\u00eda decretado en diciembre pasado, en el marco de los di\u00e1logos de paz que sostiene con el gobierno desde noviembre de 2012 en Cuba para poner fin a un conflicto armado de m\u00e1s de medio siglo.<\/p>\n<p class=\"mce\">Los sucesivos hechos violentos han sido tambi\u00e9n considerados como un fracaso en el \u00abdesescalamiento\u00bb de la violencia que buscaban las partes en Colombia, donde no se ha decretado un cese bilateral al fuego a pesar de las negociaciones de paz sobre todo por la oposici\u00f3n de Santos, quien considera que la guerrilla lo aprovechar\u00eda para fortalecerse.<\/p>\n<p class=\"mce\">El presidente colombiano tambi\u00e9n insisti\u00f3 este lunes, no obstante, en la necesidad de alcanzar un acuerdo final de paz que lleve al armisticio.<\/p>\n<p class=\"mce\">\u00abNo m\u00e1s muertos en Colombia, no m\u00e1s muertos en este absurdo conflicto (&#8230;) No hay guerra buena, ni muertos que no importen y cada d\u00eda que pasa son m\u00e1s muertos y por eso hay que acelerar estas negociaciones\u00bb, asegur\u00f3.<\/p>\n<p class=\"mce\">El conflicto armado colombiano ha dejado oficialmente al menos 220.000 muertos y m\u00e1s de seis millones de desplazados.<\/p>\n<p class=\"mce\"><strong class=\"mce\">Nuevos ataques.<\/strong> Este lunes, al menos cinco guerrilleros de las FARC murieron en una nueva operaci\u00f3n militar en el noroeste del pa\u00eds, informaron medios locales, en el marco de una ofensiva oficial que deja casi 40 rebeldes muertos en los \u00faltimos d\u00edas.<br class=\"mce\" \/><br class=\"mce\" \/>El operativo llevado a cabo en el selv\u00e1tico y remoto departamento de Choc\u00f3 estaba dirigido contra el Frente 18 de las Fuerzas Armadas Revolucionarias de\u00a0 Colombia \u00a0 (FARC), con las que el gobierno sostiene di\u00e1logos de paz sin un alto al fuego bilateral desde noviembre de 2012.<br class=\"mce\" \/><br class=\"mce\" \/>Fuentes militares confirmaron a la AFP que tuvo lugar un bombardeo contra las FARC en Choc\u00f3, pero aseguraron que a\u00fan no se ha podido acceder por tierra al \u00e1rea y, por tanto, se desconoce el n\u00famero exacto de v\u00edctimas y la identidad de las mismas. <br class=\"mce\" \/><br class=\"mce\" \/>Seg\u00fan la prensa local, entre los fallecidos en el ataque se encuentra el l\u00edder del Frente 18 de las FARC, conocido por su nombre de guerra Rom\u00e1n Ruiz.<br class=\"mce\" \/><br class=\"mce\" \/>A Ruiz, por quien se ofrece desde 2012 una recompensa de unos 500.000 d\u00f3lares, las autoridades colombianas ya lo hab\u00edan dado por muerto en otro operativo hace casi un a\u00f1o, aunque a los pocos d\u00edas se desminti\u00f3 su fallecimiento.<br class=\"mce\" \/><br class=\"mce\" \/>De confirmarse los cinco muertos se\u00f1alados en este operativo, la ofensiva militar que se adelanta desde el pasado jueves contra las FARC en\u00a0 Colombia \u00a0 habr\u00eda dejado 39 rebeldes abatidos.<\/p>\n","protected":false},"excerpt":{"rendered":"<p>AFP Colombia.- El presidente de Colombia, Juan Manuel Santos, orden\u00f3 este lunes identificar a los 34 guerrilleros de las FARC que murieron en los \u00faltimos bombardeos oficiales, anunciando que esta ser\u00e1 la norma en adelante y pidiendo al pa\u00eds afligirse por todos los muertos de cualquier bando. \u00abLo que ha ocurrido en estos \u00faltimos d\u00edas [&hellip;]<\/p>\n","protected":false},"author":7,"featured_media":9084,"comment_status":"open","ping_status":"open","sticky":false,"template":"","format":"standard","meta":{"footnotes":""},"categories":[50,40],"tags":[],"class_list":["post-9083","post","type-post","status-publish","format-standard","has-post-thumbnail","hentry","category-colombia","category-internacionales"],"_links":{"self":[{"href":"https:\/\/2horizontes.com\/index.php?rest_route=\/wp\/v2\/posts\/9083","targetHints":{"allow":["GET"]}}],"collection":[{"href":"https:\/\/2horizontes.com\/index.php?rest_route=\/wp\/v2\/posts"}],"about":[{"href":"https:\/\/2horizontes.com\/index.php?rest_route=\/wp\/v2\/types\/post"}],"author":[{"embeddable":true,"href":"https:\/\/2horizontes.com\/index.php?rest_route=\/wp\/v2\/users\/7"}],"replies":[{"embeddable":true,"href":"https:\/\/2horizontes.com\/index.php?rest_route=%2Fwp%2Fv2%2Fcomments&post=9083"}],"version-history":[{"count":1,"href":"https:\/\/2horizontes.com\/index.php?rest_route=\/wp\/v2\/posts\/9083\/revisions"}],"predecessor-version":[{"id":9085,"href":"https:\/\/2horizontes.com\/index.php?rest_route=\/wp\/v2\/posts\/9083\/revisions\/9085"}],"wp:featuredmedia":[{"embeddable":true,"href":"https:\/\/2horizontes.com\/index.php?rest_route=\/wp\/v2\/media\/9084"}],"wp:attachment":[{"href":"https:\/\/2horizontes.com\/index.php?rest_route=%2Fwp%2Fv2%2Fmedia&parent=9083"}],"wp:term":[{"taxonomy":"category","embeddable":true,"href":"https:\/\/2horizontes.com\/index.php?rest_route=%2Fwp%2Fv2%2Fcategories&post=9083"},{"taxonomy":"post_tag","embeddable":true,"href":"https:\/\/2horizontes.com\/index.php?rest_route=%2Fwp%2Fv2%2Ftags&post=9083"}],"curies":[{"name":"wp","href":"https:\/\/api.w.org\/{rel}","templated":true}]}}