{"id":9047,"date":"2015-05-25T17:24:36","date_gmt":"2015-05-25T16:24:36","guid":{"rendered":"http:\/\/2horizontes.com\/?p=9047"},"modified":"2015-05-26T16:51:30","modified_gmt":"2015-05-26T15:51:30","slug":"comision-reforma-abre-compas-a-la-espera-de-acuerdo-entre-danilo-y-lf","status":"publish","type":"post","link":"https:\/\/2horizontes.com\/?p=9047","title":{"rendered":"Comisi\u00f3n reforma abre comp\u00e1s a la espera de acuerdo entre Danilo y LF"},"content":{"rendered":"<p style=\"text-align: justify;\">El vocero del bloque de senadores del Partido de la Liberaci\u00f3n Dominicana (PLD), Adriano S\u00e1nchez Roa, revel\u00f3 que la comisi\u00f3n que rindi\u00f3 un informe favorable para la modificaci\u00f3n constitucional decidi\u00f3 dar tiempo a que haya un acuerdo entre el presidente Danilo Medina y el ex presidente Leonel Fern\u00e1ndez, antes de que sea aprobado el proyecto.<\/p>\n<p style=\"text-align: justify;\">Opin\u00f3 que al Partido de la Liberaci\u00f3n Dominicana (PLD) y al pa\u00eds lo que le conviene es un entendimiento entre Medina y Fern\u00e1ndez.<\/p>\n<p style=\"text-align: justify;\">S\u00e1nchez Roa afirm\u00f3 que la comisi\u00f3n especial decidi\u00f3 no apoderar inmediatamente al pleno senatorial de la pieza para permitir un entendimiento ambos l\u00edderes pelede\u00edsas.<\/p>\n<p style=\"text-align: justify;\">Sin embargo, el legislador proclam\u00f3 que la reforma constitucional pasar\u00eda con y sin avenimiento entre el presidente de la Rep\u00fablica y el presidente del PLD.<\/p>\n<p style=\"text-align: justify;\">\u201cPorque en la reforma ya hemos visto la cantidad de votos, pero al partido le conviene que pase con los 32 votos del Senado y que pase con la mayor\u00eda de votos de la c\u00e1mara de diputados, que los dos sectores est\u00e9n de acuerdo\u201d, enfatiz\u00f3.<\/p>\n<p style=\"text-align: justify;\">Observ\u00f3 que en la C\u00e1mara de Diputados todos los votos del PLD no alcanzan, lo que implican que un acuerdo interno de esa organizaci\u00f3n puede motivar a que otros sectores pol\u00edticos querr\u00e1n participar para tener los legisladores que se necesitan.<\/p>\n","protected":false},"excerpt":{"rendered":"<p>El vocero del bloque de senadores del Partido de la Liberaci\u00f3n Dominicana (PLD), Adriano S\u00e1nchez Roa, revel\u00f3 que la comisi\u00f3n que rindi\u00f3 un informe favorable para la modificaci\u00f3n constitucional decidi\u00f3 dar tiempo a que haya un acuerdo entre el presidente Danilo Medina y el ex presidente Leonel Fern\u00e1ndez, antes de que sea aprobado el proyecto. [&hellip;]<\/p>\n","protected":false},"author":6,"featured_media":9048,"comment_status":"open","ping_status":"open","sticky":false,"template":"","format":"standard","meta":{"footnotes":""},"categories":[43],"tags":[],"class_list":["post-9047","post","type-post","status-publish","format-standard","has-post-thumbnail","hentry","category-politica"],"_links":{"self":[{"href":"https:\/\/2horizontes.com\/index.php?rest_route=\/wp\/v2\/posts\/9047","targetHints":{"allow":["GET"]}}],"collection":[{"href":"https:\/\/2horizontes.com\/index.php?rest_route=\/wp\/v2\/posts"}],"about":[{"href":"https:\/\/2horizontes.com\/index.php?rest_route=\/wp\/v2\/types\/post"}],"author":[{"embeddable":true,"href":"https:\/\/2horizontes.com\/index.php?rest_route=\/wp\/v2\/users\/6"}],"replies":[{"embeddable":true,"href":"https:\/\/2horizontes.com\/index.php?rest_route=%2Fwp%2Fv2%2Fcomments&post=9047"}],"version-history":[{"count":3,"href":"https:\/\/2horizontes.com\/index.php?rest_route=\/wp\/v2\/posts\/9047\/revisions"}],"predecessor-version":[{"id":9151,"href":"https:\/\/2horizontes.com\/index.php?rest_route=\/wp\/v2\/posts\/9047\/revisions\/9151"}],"wp:featuredmedia":[{"embeddable":true,"href":"https:\/\/2horizontes.com\/index.php?rest_route=\/wp\/v2\/media\/9048"}],"wp:attachment":[{"href":"https:\/\/2horizontes.com\/index.php?rest_route=%2Fwp%2Fv2%2Fmedia&parent=9047"}],"wp:term":[{"taxonomy":"category","embeddable":true,"href":"https:\/\/2horizontes.com\/index.php?rest_route=%2Fwp%2Fv2%2Fcategories&post=9047"},{"taxonomy":"post_tag","embeddable":true,"href":"https:\/\/2horizontes.com\/index.php?rest_route=%2Fwp%2Fv2%2Ftags&post=9047"}],"curies":[{"name":"wp","href":"https:\/\/api.w.org\/{rel}","templated":true}]}}