{"id":9043,"date":"2015-05-25T16:54:38","date_gmt":"2015-05-25T15:54:38","guid":{"rendered":"http:\/\/2horizontes.com\/?p=9043"},"modified":"2015-05-25T16:54:38","modified_gmt":"2015-05-25T15:54:38","slug":"prd-aclara-no-es-de-ese-partido-aspirante-a-regidor-involucrado-en-asesinato","status":"publish","type":"post","link":"https:\/\/2horizontes.com\/?p=9043","title":{"rendered":"PRD aclara no es de ese partido aspirante a regidor involucrado en asesinato"},"content":{"rendered":"<p style=\"text-align: justify\">\n<p style=\"text-align: justify\"><a href=\"http:\/\/2horizontes.com\/wp-content\/uploads\/2015\/05\/PRD.jpeg\"><img loading=\"lazy\" decoding=\"async\" class=\"alignnone size-full wp-image-9044\" src=\"http:\/\/2horizontes.com\/wp-content\/uploads\/2015\/05\/PRD.jpeg\" alt=\"PRD\" width=\"269\" height=\"187\" \/><\/a>El presidente del Partido Revolucionario Dominicano (PRD) en Los Alcarrizos, Junior Jim\u00e9nez, aclar\u00f3 hoy que no pertenece a esa organizaci\u00f3n un aspirante a regidor involucrado en el asesinato de un segundo teniente de la Polic\u00eda Nacional.<\/p>\n<p style=\"text-align: justify\">\u201cSea por error o por mala fe se ha intentado atribuir membres\u00eda en nuestro partido a esa persona, cuando en realidad sus aspiraciones y sus v\u00ednculos son con dirigentes de otro partido\u201d, expres\u00f3 Jim\u00e9nez.<\/p>\n<p style=\"text-align: justify\">El dirigente perrede\u00edsta precis\u00f3 que la aspiraci\u00f3n a regidor del involucrado es por el Distrito Municipal de Palmarejo y dijo mostrarse extra\u00f1ado de que se intente vincular a esa persona al PRD, cuando est\u00e1n los afiches y otra propaganda indicando el partido por el que aspira a regidor, que no es el PRD.<\/p>\n<p style=\"text-align: justify\">Agreg\u00f3 que la m\u00e1s elemental indagatoria sobre el caso permitir\u00e1 determinar que los v\u00ednculos pol\u00edticos del aspirante a regidor no son con el PRD. Jim\u00e9nez dijo que el PRD lamenta el asesinado del oficial y los da\u00f1os y lesiones que pudieron padecer otras personas.<\/p>\n","protected":false},"excerpt":{"rendered":"<p>El presidente del Partido Revolucionario Dominicano (PRD) en Los Alcarrizos, Junior Jim\u00e9nez, aclar\u00f3 hoy que no pertenece a esa organizaci\u00f3n un aspirante a regidor involucrado en el asesinato de un segundo teniente de la Polic\u00eda Nacional. \u201cSea por error o por mala fe se ha intentado atribuir membres\u00eda en nuestro partido a esa persona, cuando [&hellip;]<\/p>\n","protected":false},"author":6,"featured_media":9044,"comment_status":"open","ping_status":"open","sticky":false,"template":"","format":"standard","meta":{"footnotes":""},"categories":[43],"tags":[],"class_list":["post-9043","post","type-post","status-publish","format-standard","has-post-thumbnail","hentry","category-politica"],"_links":{"self":[{"href":"https:\/\/2horizontes.com\/index.php?rest_route=\/wp\/v2\/posts\/9043","targetHints":{"allow":["GET"]}}],"collection":[{"href":"https:\/\/2horizontes.com\/index.php?rest_route=\/wp\/v2\/posts"}],"about":[{"href":"https:\/\/2horizontes.com\/index.php?rest_route=\/wp\/v2\/types\/post"}],"author":[{"embeddable":true,"href":"https:\/\/2horizontes.com\/index.php?rest_route=\/wp\/v2\/users\/6"}],"replies":[{"embeddable":true,"href":"https:\/\/2horizontes.com\/index.php?rest_route=%2Fwp%2Fv2%2Fcomments&post=9043"}],"version-history":[{"count":1,"href":"https:\/\/2horizontes.com\/index.php?rest_route=\/wp\/v2\/posts\/9043\/revisions"}],"predecessor-version":[{"id":9045,"href":"https:\/\/2horizontes.com\/index.php?rest_route=\/wp\/v2\/posts\/9043\/revisions\/9045"}],"wp:featuredmedia":[{"embeddable":true,"href":"https:\/\/2horizontes.com\/index.php?rest_route=\/wp\/v2\/media\/9044"}],"wp:attachment":[{"href":"https:\/\/2horizontes.com\/index.php?rest_route=%2Fwp%2Fv2%2Fmedia&parent=9043"}],"wp:term":[{"taxonomy":"category","embeddable":true,"href":"https:\/\/2horizontes.com\/index.php?rest_route=%2Fwp%2Fv2%2Fcategories&post=9043"},{"taxonomy":"post_tag","embeddable":true,"href":"https:\/\/2horizontes.com\/index.php?rest_route=%2Fwp%2Fv2%2Ftags&post=9043"}],"curies":[{"name":"wp","href":"https:\/\/api.w.org\/{rel}","templated":true}]}}