{"id":9034,"date":"2015-05-25T16:11:31","date_gmt":"2015-05-25T15:11:31","guid":{"rendered":"http:\/\/2horizontes.com\/?p=9034"},"modified":"2015-05-25T16:11:31","modified_gmt":"2015-05-25T15:11:31","slug":"james-la-marcha-de-ancelotti-seria-dura-y-fuerte","status":"publish","type":"post","link":"https:\/\/2horizontes.com\/?p=9034","title":{"rendered":"James La marcha de Ancelotti ser\u00eda dura y fuerte"},"content":{"rendered":"<p>El colombiano James Rodr\u00edguez se mostr\u00f3 favorable a la continuidad del t\u00e9cnico italiano Carlo Ancelotti en el Real Madrid porque lo contrario, seg\u00fan manifest\u00f3, ser\u00eda una noticia \u201cdura y fuerte\u201d para los jugadores.<\/p>\n<p>\u201cSer\u00eda duro y fuerte. Vino hace dos a\u00f1os y conoce al equipo, sabe c\u00f3mo somos y c\u00f3mo actuamos. Pero no es decisi\u00f3n m\u00eda y no me compete hablar de eso\u201d, dijo James Rodr\u00edguez a Gol Televisi\u00f3n tras la victoria ante el Getafe.<\/p>\n<p>El colombiano tambi\u00e9n mostr\u00f3 su apoyo al meta Iker Casillas, para el que pidi\u00f3 \u201crespeto\u201d. \u201cIker es una insignia del club y deben tratarlo con mucho respeto. Ha dado mucho al club. El Real Madrid debe quererle\u201d, apunt\u00f3.<\/p>\n<p>En lo personal, James se mostr\u00f3 feliz por su rendimiento esta temporada, que espera mejorar en los pr\u00f3ximos a\u00f1os: \u201cHe estado muy feliz en mi primer a\u00f1o en el Madrid. Quer\u00eda tambi\u00e9n t\u00edtulos. Estuvimos cerca. En la pr\u00f3xima vamos a ganar cosas buenas. En lo personal estoy feliz y quiero hacerlo mucho mejor el a\u00f1o que viene\u201d<\/p>\n<p>\u201cA m\u00ed me gusta aprender d\u00eda a d\u00eda y todav\u00eda puedo mejorar. Quiero estar siempre arriba\u201d, insisti\u00f3 el colombiano, que justific\u00f3 la p\u00e9rdida de t\u00edtulos por la \u201cmala suerte y las lesiones\u201d.<\/p>\n<p>\u201cNo nos acompa\u00f1\u00f3 mucho la suerte. Entre enero y marzo tuvimos muchas lesiones. Pero hay que aprender y quedan experiencias buenas para el futuro\u201d, concluy\u00f3. EFE<\/p>\n","protected":false},"excerpt":{"rendered":"<p>El colombiano James Rodr\u00edguez se mostr\u00f3 favorable a la continuidad del t\u00e9cnico italiano Carlo Ancelotti en el Real Madrid porque lo contrario, seg\u00fan manifest\u00f3, ser\u00eda una noticia \u201cdura y fuerte\u201d para los jugadores. \u201cSer\u00eda duro y fuerte. Vino hace dos a\u00f1os y conoce al equipo, sabe c\u00f3mo somos y c\u00f3mo actuamos. Pero no es decisi\u00f3n [&hellip;]<\/p>\n","protected":false},"author":3,"featured_media":9035,"comment_status":"open","ping_status":"open","sticky":false,"template":"","format":"standard","meta":{"footnotes":""},"categories":[42],"tags":[],"class_list":["post-9034","post","type-post","status-publish","format-standard","has-post-thumbnail","hentry","category-deportes"],"_links":{"self":[{"href":"https:\/\/2horizontes.com\/index.php?rest_route=\/wp\/v2\/posts\/9034","targetHints":{"allow":["GET"]}}],"collection":[{"href":"https:\/\/2horizontes.com\/index.php?rest_route=\/wp\/v2\/posts"}],"about":[{"href":"https:\/\/2horizontes.com\/index.php?rest_route=\/wp\/v2\/types\/post"}],"author":[{"embeddable":true,"href":"https:\/\/2horizontes.com\/index.php?rest_route=\/wp\/v2\/users\/3"}],"replies":[{"embeddable":true,"href":"https:\/\/2horizontes.com\/index.php?rest_route=%2Fwp%2Fv2%2Fcomments&post=9034"}],"version-history":[{"count":1,"href":"https:\/\/2horizontes.com\/index.php?rest_route=\/wp\/v2\/posts\/9034\/revisions"}],"predecessor-version":[{"id":9036,"href":"https:\/\/2horizontes.com\/index.php?rest_route=\/wp\/v2\/posts\/9034\/revisions\/9036"}],"wp:featuredmedia":[{"embeddable":true,"href":"https:\/\/2horizontes.com\/index.php?rest_route=\/wp\/v2\/media\/9035"}],"wp:attachment":[{"href":"https:\/\/2horizontes.com\/index.php?rest_route=%2Fwp%2Fv2%2Fmedia&parent=9034"}],"wp:term":[{"taxonomy":"category","embeddable":true,"href":"https:\/\/2horizontes.com\/index.php?rest_route=%2Fwp%2Fv2%2Fcategories&post=9034"},{"taxonomy":"post_tag","embeddable":true,"href":"https:\/\/2horizontes.com\/index.php?rest_route=%2Fwp%2Fv2%2Ftags&post=9034"}],"curies":[{"name":"wp","href":"https:\/\/api.w.org\/{rel}","templated":true}]}}