{"id":9028,"date":"2015-05-25T16:03:05","date_gmt":"2015-05-25T15:03:05","guid":{"rendered":"http:\/\/2horizontes.com\/?p=9028"},"modified":"2015-05-25T16:03:05","modified_gmt":"2015-05-25T15:03:05","slug":"una-mujer-denuncia-al-productor-harvey-weinstein-por-manosearla-en-nueva-york","status":"publish","type":"post","link":"https:\/\/2horizontes.com\/?p=9028","title":{"rendered":"Una mujer denuncia al productor Harvey Weinstein por manosearla en Nueva York"},"content":{"rendered":"<p><em><strong>Nueva York, (EFE).-<\/strong><\/em> Una joven italiana present\u00f3 una denuncia ante una comisar\u00eda de Nueva York contra el veterano productor de Hollywood Harvey Weinstein, en la que asegura que le manose\u00f3 la semana pesada, informaron hoy medios locales.<\/p>\n<p>La mujer, que tiene 22 a\u00f1os y no ha sido identificada por las autoridades, afirm\u00f3 en la denuncia que el conocido productor le manose\u00f3 en sus partes \u00edntimas y en el pecho el pasado viernes por la tarde en las oficinas del Tribeca Film Center.<\/p>\n<p>Weinstein fue interrogado este fin de semana por la Polic\u00eda y la oficina del fiscal de Manhattan, Cyrus Vance, tendr\u00e1 ahora que determinar si se presentan cargos en su contra, detall\u00f3 el peri\u00f3dico Daily News en su edici\u00f3n digital.<\/p>\n<p>\u201cFue \u00e9l quien inici\u00f3 el contacto. \u00c9l se fij\u00f3 en ella y empezaron a hablar\u201d, seg\u00fan fuentes policiales citadas por el mismo diario, que aseguran que la mujer no sab\u00eda qui\u00e9n era el productor hasta que se acerc\u00f3 a ella.<\/p>\n<p>El representante de Weinstein, de 63 a\u00f1os y confundador de los estudios Miramax, no ha querido pronunciarse sobre la denuncia pero el entorno del productor ha asegurado al peri\u00f3dico New York Post que no hizo nada malo y que \u201ctodo es un chantaje\u201d.<\/p>\n<p>El productor, detr\u00e1s de pel\u00edculas como \u201cShakespeare in Love\u201d o \u201cGangs of New York\u201d, tiene previsto participar el pr\u00f3ximo 18 de abril en un coloquio organizado por el festival de cine de Tribeca, que arranca la pr\u00f3xima semana en Nueva York.<\/p>\n","protected":false},"excerpt":{"rendered":"<p>Nueva York, (EFE).- Una joven italiana present\u00f3 una denuncia ante una comisar\u00eda de Nueva York contra el veterano productor de Hollywood Harvey Weinstein, en la que asegura que le manose\u00f3 la semana pesada, informaron hoy medios locales. La mujer, que tiene 22 a\u00f1os y no ha sido identificada por las autoridades, afirm\u00f3 en la denuncia [&hellip;]<\/p>\n","protected":false},"author":3,"featured_media":9029,"comment_status":"open","ping_status":"open","sticky":false,"template":"","format":"standard","meta":{"footnotes":""},"categories":[1,40],"tags":[],"class_list":["post-9028","post","type-post","status-publish","format-standard","has-post-thumbnail","hentry","category-entretenimiento","category-internacionales"],"_links":{"self":[{"href":"https:\/\/2horizontes.com\/index.php?rest_route=\/wp\/v2\/posts\/9028","targetHints":{"allow":["GET"]}}],"collection":[{"href":"https:\/\/2horizontes.com\/index.php?rest_route=\/wp\/v2\/posts"}],"about":[{"href":"https:\/\/2horizontes.com\/index.php?rest_route=\/wp\/v2\/types\/post"}],"author":[{"embeddable":true,"href":"https:\/\/2horizontes.com\/index.php?rest_route=\/wp\/v2\/users\/3"}],"replies":[{"embeddable":true,"href":"https:\/\/2horizontes.com\/index.php?rest_route=%2Fwp%2Fv2%2Fcomments&post=9028"}],"version-history":[{"count":1,"href":"https:\/\/2horizontes.com\/index.php?rest_route=\/wp\/v2\/posts\/9028\/revisions"}],"predecessor-version":[{"id":9030,"href":"https:\/\/2horizontes.com\/index.php?rest_route=\/wp\/v2\/posts\/9028\/revisions\/9030"}],"wp:featuredmedia":[{"embeddable":true,"href":"https:\/\/2horizontes.com\/index.php?rest_route=\/wp\/v2\/media\/9029"}],"wp:attachment":[{"href":"https:\/\/2horizontes.com\/index.php?rest_route=%2Fwp%2Fv2%2Fmedia&parent=9028"}],"wp:term":[{"taxonomy":"category","embeddable":true,"href":"https:\/\/2horizontes.com\/index.php?rest_route=%2Fwp%2Fv2%2Fcategories&post=9028"},{"taxonomy":"post_tag","embeddable":true,"href":"https:\/\/2horizontes.com\/index.php?rest_route=%2Fwp%2Fv2%2Ftags&post=9028"}],"curies":[{"name":"wp","href":"https:\/\/api.w.org\/{rel}","templated":true}]}}