{"id":8891,"date":"2015-05-24T17:26:45","date_gmt":"2015-05-24T16:26:45","guid":{"rendered":"http:\/\/2horizontes.com\/?p=8891"},"modified":"2015-05-24T17:26:45","modified_gmt":"2015-05-24T16:26:45","slug":"fernando-villalona-revela-en-ny-que-gasto-un-millon-de-dolares-en-drogas","status":"publish","type":"post","link":"https:\/\/2horizontes.com\/?p=8891","title":{"rendered":"Fernando Villalona revela en NY que gast\u00f3 un mill\u00f3n de d\u00f3lares en drogas"},"content":{"rendered":"<p><strong>Nueva York<\/strong>.-El merenguero dominicano Fernando Villalona, revel\u00f3 a un canal local de televisi\u00f3n que durante su oscura etapa como adicto al crack y otras drogas, gast\u00f3 1 mill\u00f3n de d\u00f3lares para satisfacer su vicio y llam\u00f3 a los otros artistas y a los j\u00f3venes no seguir ese ejemplo.<\/p>\n<p>Tambi\u00e9n asegur\u00f3 que estuvo con m\u00e1s de mil mujeres.<\/p>\n<p><!-- Item fulltext --><\/p>\n<div class=\"itemFullText\">\n<p>\u201cRelat\u00f3 que en un momento ten\u00eda asegurados 2 millones de pesos por 20 presentaciones en la Rep\u00fablica Dominicana, pero le pidi\u00f3 a Dios que no lo dejara ver ese dinero, el que finalmente no lleg\u00f3 a sus manos.<\/p>\n<p>Villalona, record\u00f3 que estuvo en rehabilitaci\u00f3n por su adicci\u00f3n a las drogas en un hospital de Estados Unidos, donde permaneci\u00f3 31 d\u00edas.<\/p>\n<p>\u201cDespu\u00e9s de eso no dej\u00e9 las drogas, pero cuando regres\u00e9 a Santo Domingo, me intern\u00e9 por 40 d\u00edas en una cl\u00ednica y decid\u00ed dejar el vicio, hace ya 20 a\u00f1os\u201d, a\u00f1adi\u00f3.<\/p>\n<p>\u201cEn cuanto a las mujeres, hice un c\u00e1lculo cuando Julio Iglesias dijo que hab\u00eda estado con 3.000 mujeres, calcul\u00e9 su edad y la m\u00eda, y yo llegu\u00e9 a la suma de 2.000\u201d, dijo \u201cEl Mayimbe\u201d.<\/p>\n<p>Agreg\u00f3 que \u201cya las m\u00edas van bajando y estoy ahora como en 1.500 mujeres\u201d.<\/p>\n<p>Hablando sobre la petici\u00f3n que le hizo el entonces presidente doctor Joaqu\u00edn Balaguer para que aceptara la candidatura a senador por Dajab\u00f3n, su provincia natal, dijo que fue tres meses antes de las elecciones.<\/p>\n<p>\u201cSiempre cre\u00ed en Balaguer y nunca lo vi con dinero, helic\u00f3pteros, carros nuevos y para mi, nunca fue corrupto\u201d, expres\u00f3.<\/p>\n<p>El cantante asegura que Dios siempre ha estado a su lado.<\/p>\n<p>\u201cNac\u00ed bajo una familia cat\u00f3lica y cuando me dio el ataque al coraz\u00f3n, Juan Luis Guerra me llam\u00f3 y me dijo que fuera donde \u00e9l y me dije que estaba dedic\u00e1ndome mucho al trabajo, pero no le dedicaba tiempo al que me dio el trabajo\u201d, se\u00f1al\u00f3 en referencia a Dios.<\/p>\n<p>Admiti\u00f3 que llegaba tarde a los espect\u00e1culos, \u201cpero eso era cuando yo estaba en drogas. Ahora, llego primero que mis m\u00fasicos\u201d.<\/p>\n<p>En relaci\u00f3n a otros artistas que han ca\u00eddo en el vicio de las drogas como el caso de El Zafiro, expres\u00f3 que \u201cel consejo y la intenci\u00f3n son bonitos, pero sin embargo, uno tiene el control de la situaci\u00f3n\u201d.<\/p>\n<p>Agrega que \u201caquellos no han entrado en esa l\u00ednea (el vicio), que no entren, porque si entran no se van a dar cuenta por cual tiempo estar\u00e1n en eso, esperando que un d\u00eda van a decir que lo van a dejar\u201d.<\/p>\n<p>Se cas\u00f3 15 despu\u00e9s de su segundo matrimonio y aleg\u00f3 que decidi\u00f3 esperar \u201cun poquito de tiempo\u201d.<\/p>\n<p>\u00bfEl ni\u00f1o mimado?<\/p>\n<p>\u201cEs un \u00a0poquito de cari\u00f1o y me siento muy bien cuando me dicen el ni\u00f1o mimado, porque no me han \u00a0podido quitar el Fernandito ni quiero que me lo quiten\u201d, respondi\u00f3.<\/p>\n<p>\u201cMucho menos, porque despu\u00e9s de m\u00ed, se ha expandido una cantidad enorme de mayimbes, que me hacen sentir orgulloso de que lleven ese nombre adelante\u201d, dijo refiri\u00e9ndose a su m\u00e1s conocido sobrenombre de \u201cEl Mayimbe\u201d.<\/p>\n<\/div>\n","protected":false},"excerpt":{"rendered":"<p>Nueva York.-El merenguero dominicano Fernando Villalona, revel\u00f3 a un canal local de televisi\u00f3n que durante su oscura etapa como adicto al crack y otras drogas, gast\u00f3 1 mill\u00f3n de d\u00f3lares para satisfacer su vicio y llam\u00f3 a los otros artistas y a los j\u00f3venes no seguir ese ejemplo. Tambi\u00e9n asegur\u00f3 que estuvo con m\u00e1s de [&hellip;]<\/p>\n","protected":false},"author":3,"featured_media":8892,"comment_status":"open","ping_status":"open","sticky":false,"template":"","format":"standard","meta":{"footnotes":""},"categories":[40,44],"tags":[],"class_list":["post-8891","post","type-post","status-publish","format-standard","has-post-thumbnail","hentry","category-internacionales","category-republica-dominicana"],"_links":{"self":[{"href":"https:\/\/2horizontes.com\/index.php?rest_route=\/wp\/v2\/posts\/8891","targetHints":{"allow":["GET"]}}],"collection":[{"href":"https:\/\/2horizontes.com\/index.php?rest_route=\/wp\/v2\/posts"}],"about":[{"href":"https:\/\/2horizontes.com\/index.php?rest_route=\/wp\/v2\/types\/post"}],"author":[{"embeddable":true,"href":"https:\/\/2horizontes.com\/index.php?rest_route=\/wp\/v2\/users\/3"}],"replies":[{"embeddable":true,"href":"https:\/\/2horizontes.com\/index.php?rest_route=%2Fwp%2Fv2%2Fcomments&post=8891"}],"version-history":[{"count":1,"href":"https:\/\/2horizontes.com\/index.php?rest_route=\/wp\/v2\/posts\/8891\/revisions"}],"predecessor-version":[{"id":8893,"href":"https:\/\/2horizontes.com\/index.php?rest_route=\/wp\/v2\/posts\/8891\/revisions\/8893"}],"wp:featuredmedia":[{"embeddable":true,"href":"https:\/\/2horizontes.com\/index.php?rest_route=\/wp\/v2\/media\/8892"}],"wp:attachment":[{"href":"https:\/\/2horizontes.com\/index.php?rest_route=%2Fwp%2Fv2%2Fmedia&parent=8891"}],"wp:term":[{"taxonomy":"category","embeddable":true,"href":"https:\/\/2horizontes.com\/index.php?rest_route=%2Fwp%2Fv2%2Fcategories&post=8891"},{"taxonomy":"post_tag","embeddable":true,"href":"https:\/\/2horizontes.com\/index.php?rest_route=%2Fwp%2Fv2%2Ftags&post=8891"}],"curies":[{"name":"wp","href":"https:\/\/api.w.org\/{rel}","templated":true}]}}