{"id":8887,"date":"2015-05-24T16:30:14","date_gmt":"2015-05-24T15:30:14","guid":{"rendered":"http:\/\/2horizontes.com\/?p=8887"},"modified":"2015-05-24T16:30:14","modified_gmt":"2015-05-24T15:30:14","slug":"casi-todos-los-atletas-son-del-pp","status":"publish","type":"post","link":"https:\/\/2horizontes.com\/?p=8887","title":{"rendered":"Casi todos los atletas son del PP"},"content":{"rendered":"<p>Carrera electoral, met\u00e1fora pulida, menuda precisi\u00f3n. \u00abHe acabado Mundiales m\u00e1s fresco\u00bb, bromea <strong>Jes\u00fas \u00c1ngel Garc\u00eda Bragado<\/strong> que por segunda vez opta a alcalde de<strong> Sant Adri\u00e0 del Bes\u00f2<\/strong><strong>s<\/strong>, al lado de Badalona, y sabe de lo habla: oro en Stuttgart 1993, a\u00fan corre andando 50 kil\u00f3metros. Pol\u00edtico atleta o atleta pol\u00edtico, tanto da. \u00abVoy a descansar entrenando\u00bb, a\u00f1ade <strong>Ruth Beitia<\/strong>, tan notable saltadora de altura, bronce en Mosc\u00fa 2013, como de puestos en la lista: del nueve al seis en la candidatura al <strong>Parlamento de Cantabria<\/strong>. Los dos por el Partido Popular, una tradici\u00f3n extensa. En las \u00faltimas d\u00e9cadas hasta diez medallistas mundialistas, entre ellos cuatro de los seis campeones, se han presentando a unas elecciones por la formaci\u00f3n conservadora.<\/p>\n<p>Trabajar. Hacer. Crecer. Correr. \u00bfA qu\u00e9 se debe esa preferencia? \u00ab<strong>Somos el partido del sacrificio<\/strong>, de la lucha, del trabajo y esos son los valores del atletismo\u00bb, dice Beitia, hasta ahora secretaria primera del Parlamento , que monta un mitin al tel\u00e9fono y repite en clave deportiva: \u00abLa primera parte ha sido dura, muy trabajada, pero nos hemos ganado jugar la segunda\u00bb. Garc\u00eda Bragado, m\u00e1s cercano, \u00abde la calle\u00bb, siguiendo lo que llama &#8216;la receta Albiol, en referencia a su &#8216;vecino&#8217; <strong>Xavier Garc\u00eda Albiol<\/strong>, admite: \u00abLa vida de un atleta es corta y todos queremos disponer de nuestras rentas, <strong>una econom\u00eda liberal.<\/strong> En su segunda legislatura, Aznar consigui\u00f3 que no tribut\u00e1ramos a Hacienda y eso gener\u00f3 muchas simpat\u00edas\u00bb.<\/p>\n<div class=\"sumario col-6\"><\/div>\n","protected":false},"excerpt":{"rendered":"<p>Carrera electoral, met\u00e1fora pulida, menuda precisi\u00f3n. \u00abHe acabado Mundiales m\u00e1s fresco\u00bb, bromea Jes\u00fas \u00c1ngel Garc\u00eda Bragado que por segunda vez opta a alcalde de Sant Adri\u00e0 del Bes\u00f2s, al lado de Badalona, y sabe de lo habla: oro en Stuttgart 1993, a\u00fan corre andando 50 kil\u00f3metros. Pol\u00edtico atleta o atleta pol\u00edtico, tanto da. \u00abVoy a [&hellip;]<\/p>\n","protected":false},"author":3,"featured_media":8888,"comment_status":"open","ping_status":"open","sticky":false,"template":"","format":"standard","meta":{"footnotes":""},"categories":[42,85,43],"tags":[],"class_list":["post-8887","post","type-post","status-publish","format-standard","has-post-thumbnail","hentry","category-deportes","category-espana","category-politica"],"_links":{"self":[{"href":"https:\/\/2horizontes.com\/index.php?rest_route=\/wp\/v2\/posts\/8887","targetHints":{"allow":["GET"]}}],"collection":[{"href":"https:\/\/2horizontes.com\/index.php?rest_route=\/wp\/v2\/posts"}],"about":[{"href":"https:\/\/2horizontes.com\/index.php?rest_route=\/wp\/v2\/types\/post"}],"author":[{"embeddable":true,"href":"https:\/\/2horizontes.com\/index.php?rest_route=\/wp\/v2\/users\/3"}],"replies":[{"embeddable":true,"href":"https:\/\/2horizontes.com\/index.php?rest_route=%2Fwp%2Fv2%2Fcomments&post=8887"}],"version-history":[{"count":1,"href":"https:\/\/2horizontes.com\/index.php?rest_route=\/wp\/v2\/posts\/8887\/revisions"}],"predecessor-version":[{"id":8889,"href":"https:\/\/2horizontes.com\/index.php?rest_route=\/wp\/v2\/posts\/8887\/revisions\/8889"}],"wp:featuredmedia":[{"embeddable":true,"href":"https:\/\/2horizontes.com\/index.php?rest_route=\/wp\/v2\/media\/8888"}],"wp:attachment":[{"href":"https:\/\/2horizontes.com\/index.php?rest_route=%2Fwp%2Fv2%2Fmedia&parent=8887"}],"wp:term":[{"taxonomy":"category","embeddable":true,"href":"https:\/\/2horizontes.com\/index.php?rest_route=%2Fwp%2Fv2%2Fcategories&post=8887"},{"taxonomy":"post_tag","embeddable":true,"href":"https:\/\/2horizontes.com\/index.php?rest_route=%2Fwp%2Fv2%2Ftags&post=8887"}],"curies":[{"name":"wp","href":"https:\/\/api.w.org\/{rel}","templated":true}]}}