{"id":8820,"date":"2015-05-24T11:49:38","date_gmt":"2015-05-24T10:49:38","guid":{"rendered":"http:\/\/2horizontes.com\/?p=8820"},"modified":"2015-05-24T11:49:38","modified_gmt":"2015-05-24T10:49:38","slug":"el-juez-juan-pedro-yllanes-presidira-el-juicio-del-caso-noos","status":"publish","type":"post","link":"https:\/\/2horizontes.com\/?p=8820","title":{"rendered":"El juez Juan Pedro Yllanes presidir\u00e1 el juicio del caso N\u00f3os"},"content":{"rendered":"<p>Los focos se dirigen hacia el magistrado Juan Pedro Yllanes, que presidir\u00e1 en la Audiencia de Palma el juicio del <em>caso N\u00f3os<\/em>. Cin\u00e9filo, una vez equipar\u00f3 el papel del juez al de un director, que maneja los tiempos y las escenas, da entrada a los interrogatorios y alegatos, es el que rige y concluye la \u201cceremonia\u201d.<\/p>\n<p><!--more--><\/p>\n<p>En su banquillo estar\u00e1 la Infanta Cristina, acusada de cooperaci\u00f3n en dos delitos fiscales, su marido I\u00f1aki Urdangarin, el expresidente auton\u00f3mico y reo Jaume Matas y otros 15 imputados. El tribunal escrutar\u00e1 una supuesta malversaci\u00f3n de seis millones de euros. Yllanes cree que el juicio, en 2016, debe tener \u201cplena garant\u00eda de publicidad y transparencia\u201d.<\/p>\n<p>Sevillano de 1960 y sevillista, progresista, riguroso e independiente, Yllanes considera que un juez tambi\u00e9n debe tener convicciones pol\u00edticas y sociales. Es el <em>padre<\/em> de una sentencia pionera contra la corrupci\u00f3n urban\u00edstica. En el <em>caso Andratx<\/em>, la Audiencia, en 2008, conden\u00f3 al alcalde del PP, Eugenio Hidalgo, a cuatro a\u00f1os de c\u00e1rcel y al derribo de su casa ilegal en \u00e1rea protegida; prevaric\u00f3 y cometi\u00f3 un delito contra el territorio. Al <em>cerebro<\/em> del urbanismo balear con el PP, Jaume Massot le cayeron m\u00e1s de tres a\u00f1os. El juez asumi\u00f3 el \u201cfen\u00f3meno general\u201d de la protecci\u00f3n penal \u201cde intereses supraindividuales\u201d \u2014la naturaleza\u2014 como una \u201cexigencia\u201d de intervenci\u00f3n y tutela de los poderes. Aludi\u00f3 a una masiva movilizaci\u00f3n, Salvem Mallorca, y a la numerosa y \u201chonda preocupaci\u00f3n por el desarrollo urban\u00edstico\u201d.<\/p>\n<div id=\"sumario_1|html\" class=\"derecha\"><\/div>\n<p>Yllanes, en la carrera desde 1989, enjuto, cort\u00e9s y vehemente, en el estrado no es un busto de bronce. Escrupuloso en el relato y en las formas, interviene, pregunta a los justiciables y marca a los letrados. A veces puede parecer inquieto, y se reconoce \u201calgo gru\u00f1\u00f3n\u201d. Viste y calza elegante, un punto coqueto. La toga impone, pero la ve \u201cuna bata negra que sienta fatal\u201d. Arraig\u00f3 en Palma por razones sentimentales. En febrero se postul\u00f3 para presidente de la Audiencia, pero gan\u00f3 su compa\u00f1ero, Diego G\u00f3mez-Reino, otro acreditado profesional, progresista, que sum\u00f3 votos en el juego de equilibrios y repartos.<\/p>\n<p>Casi un desconocido en la calle, Yllanes sale de la Audiencia con un peri\u00f3dico y el casco de la moto en mano. Antes de comer frugalmente \u2014en la mesa de su casa prima lo verde\u2014, corre o nada, solo. Regresa al tribunal casi desierto y trabaja en su despacho, compartido. Se ilustra, debate, estudia las causas, resuelve recursos y pone sentencias, sin exceso de ret\u00f3rica y nudos subordinados.<\/p>\n<p>Conden\u00f3 al im\u00e1n de Fuengirola, Mohamed Kamal, a un a\u00f1o y tres meses de c\u00e1rcel, por un delito de provocaci\u00f3n a la violencia por raz\u00f3n de sexo, en Barcelona, en 2004, por el contenido de su libro <em>La mujer en el Islam<\/em>, que orden\u00f3 confiscar. Kamal aconsejaba c\u00f3mo pegar sin dejar rastro. \u201cAtent\u00f3 frontalmente contra el derecho a la integridad f\u00edsica y moral\u201d [\u2026] \u201ccon un tono de machismo obsoleto\u201d, concluy\u00f3 Yllanes.<\/p>\n<p>En 2009, al sentenciar al pol\u00edtico corrupto y abusador sexual Rodrigo de Santos, \u2014que pas\u00f3 ya cinco a\u00f1os en la c\u00e1rcel -, le reproch\u00f3 \u201clas dos caras de quien llevaba doble vida y fue capaz de ocultarlo a su familia, a sus amigos, a los que con \u00e9l compart\u00edan responsabilidades pol\u00edticas y compromisos religiosos\u201d. De Santos ex n\u00famero dos del Ayuntamiento de Palma del PP con Jaume Matas, ultra cat\u00f3lico en el Camino Neocatecumenal, fue condenado en Palma a m\u00e1s 13 a\u00f1os de c\u00e1rcel, por cuatro delitos de abusos sexuales a menores. El Supremo lo dej\u00f3 en cinco a\u00f1os de c\u00e1rcel, al retirarle dos delitos. El reo De Santos, carg\u00f3 con otra condena a dos a\u00f1os por gastar 50.000 euros con la tarjeta Visa del Ayuntamiento en prost\u00edbulos gay y en coca\u00edna. Hoy es un arrepentido, delat\u00f3 a Matas y asegur\u00f3 que un contratista pag\u00f3 la sede del PP de Palma,<\/p>\n<div id=\"sumario_2|html\" class=\"derecha\"><\/div>\n<p>En el juicio estelar del <em>caso N\u00f3os<\/em>, Yllanes formar\u00e1 sala con otra juez clave, la ponente Samantha Romero, un <em>cerebro<\/em> jur\u00eddico, y con una magistrada que viene de la abogac\u00eda Eleonor Moy\u00e1. En la Escuela Judicial, donde fue profesor, Yllanes altern\u00f3 con el escritor y cineasta David Trueba. Una de sus ponencias pr\u00e1cticas trata de <em>La figura del juez en el cine<\/em>. Algo mit\u00f3mano, le complacen en la pantalla togados cl\u00e1sicos, los juristas interpretados por Charles Laugthon, Gregory Peck o James Stewart. En la realidad echa en falta alg\u00fan recurso oral ir\u00f3nico anglosaj\u00f3n. Venera una joya antigua, el filme de 1950 en blanco y negro, <em>Rashomon<\/em>, de Akira Kurosawa, por su capacidad de hacer plantear \u201cpreguntas acerca de la certeza de lo que se ve\u201d.<\/p>\n<p>Pol\u00edglota en ingl\u00e9s y catal\u00e1n, progresa con el italiano. En febrero pis\u00f3 las tablas del Auditorium de Palma y represent\u00f3 dos personajes de la comedia de Jardiel Poncela <em>Tu y yo somos tres<\/em>, montada por un grupo de abogados.<\/p>\n<p>\u201cToca que sean otras personas los protagonistas\u201d, advirti\u00f3 el juez instructor del <em>caso N\u00f3os<\/em>, Jos\u00e9 Castro, al despedir con un \u201c!buen viaje!\u201d los cien tomos del sumario. Casi 80.000 folios del guion, la<em>biblia<\/em> del serial inacabado. Falta rodar <em>la pel\u00edcula<\/em> y conocer su final judicial y real.<\/p>\n","protected":false},"excerpt":{"rendered":"<p>Los focos se dirigen hacia el magistrado Juan Pedro Yllanes, que presidir\u00e1 en la Audiencia de Palma el juicio del caso N\u00f3os. Cin\u00e9filo, una vez equipar\u00f3 el papel del juez al de un director, que maneja los tiempos y las escenas, da entrada a los interrogatorios y alegatos, es el que rige y concluye la [&hellip;]<\/p>\n","protected":false},"author":2,"featured_media":8821,"comment_status":"open","ping_status":"open","sticky":false,"template":"","format":"standard","meta":{"footnotes":""},"categories":[85],"tags":[],"class_list":["post-8820","post","type-post","status-publish","format-standard","has-post-thumbnail","hentry","category-espana"],"_links":{"self":[{"href":"https:\/\/2horizontes.com\/index.php?rest_route=\/wp\/v2\/posts\/8820","targetHints":{"allow":["GET"]}}],"collection":[{"href":"https:\/\/2horizontes.com\/index.php?rest_route=\/wp\/v2\/posts"}],"about":[{"href":"https:\/\/2horizontes.com\/index.php?rest_route=\/wp\/v2\/types\/post"}],"author":[{"embeddable":true,"href":"https:\/\/2horizontes.com\/index.php?rest_route=\/wp\/v2\/users\/2"}],"replies":[{"embeddable":true,"href":"https:\/\/2horizontes.com\/index.php?rest_route=%2Fwp%2Fv2%2Fcomments&post=8820"}],"version-history":[{"count":1,"href":"https:\/\/2horizontes.com\/index.php?rest_route=\/wp\/v2\/posts\/8820\/revisions"}],"predecessor-version":[{"id":8822,"href":"https:\/\/2horizontes.com\/index.php?rest_route=\/wp\/v2\/posts\/8820\/revisions\/8822"}],"wp:featuredmedia":[{"embeddable":true,"href":"https:\/\/2horizontes.com\/index.php?rest_route=\/wp\/v2\/media\/8821"}],"wp:attachment":[{"href":"https:\/\/2horizontes.com\/index.php?rest_route=%2Fwp%2Fv2%2Fmedia&parent=8820"}],"wp:term":[{"taxonomy":"category","embeddable":true,"href":"https:\/\/2horizontes.com\/index.php?rest_route=%2Fwp%2Fv2%2Fcategories&post=8820"},{"taxonomy":"post_tag","embeddable":true,"href":"https:\/\/2horizontes.com\/index.php?rest_route=%2Fwp%2Fv2%2Ftags&post=8820"}],"curies":[{"name":"wp","href":"https:\/\/api.w.org\/{rel}","templated":true}]}}