{"id":8804,"date":"2015-05-24T11:22:39","date_gmt":"2015-05-24T10:22:39","guid":{"rendered":"http:\/\/2horizontes.com\/?p=8804"},"modified":"2015-05-24T11:22:39","modified_gmt":"2015-05-24T10:22:39","slug":"el-acoso-escolar-se-cobra-una-nueva-victima-de-suicidio","status":"publish","type":"post","link":"https:\/\/2horizontes.com\/?p=8804","title":{"rendered":"El acoso escolar se cobra una nueva v\u00edctima de suicidio"},"content":{"rendered":"<p>Una chica de 16 a\u00f1os se ha suicidado este viernes en Madrid. Se despidi\u00f3 de sus amigas por WhatsApp y se tir\u00f3 al vac\u00edo desde la sexta planta de su bloque de pisos. Estudiaba en un instituto del sur de Madrid capital, en el que hab\u00eda padecido acoso escolar, seg\u00fan denunci\u00f3 su familia hace apenas un mes. La menor, con discapacidad intelectual y motora, cont\u00f3 a sus profesoras que otro alumno del centro le exig\u00eda dinero y la coaccionaba con mensajes.<\/p>\n<p><!--more--><\/p>\n<p>\u201cEstoy cansada de vivir\u201d, escribi\u00f3 la chica en un mensaje de tel\u00e9fono a sus amigas antes de arrojarse por el hueco de las escaleras. Lo hizo en la vivienda familiar que compart\u00eda con su hermano menor y sus padres en el barrio de Usera, al sur de Madrid capital. Era un poco antes de las nueve de la ma\u00f1ana, cuando en el instituto al que asist\u00eda estaban empezando las clases un d\u00eda m\u00e1s. La familia relaciona directamente el hecho con un caso de acoso escolar a la chica que detect\u00f3 el centro y que sus padres hab\u00edan denunciado ante la polic\u00eda.<\/p>\n<div id=\"sumario_2|html\" class=\"izquierda\"><\/div>\n<p>Hace aproximadamente un mes, la familia present\u00f3 una denuncia en la comisar\u00eda del barrio despu\u00e9s de que las tutoras de la menor avisaran a la madre de la chica de que estaba sufriendo acoso escolar por parte de un compa\u00f1ero del centro. Le exig\u00eda dinero y ella se puso a trabajar para conseguirlo. \u201cCuidaba de gente mayor y junt\u00f3 los 50 euros que le ped\u00eda este sinverg\u00fcenza\u201d, relataba conmocionado su t\u00edo a EL PA\u00cdS en el rellano de la vivienda de la abuela, situada en otro barrio obrero de la capital, el Pozo del T\u00edo Raimundo.<\/p>\n<p>La alumna sufr\u00eda una discapacidad motora y otra intelectual \u201cde entre el 30% y el 40% que le hac\u00eda comportarse como una ni\u00f1a de 10 a\u00f1os\u201d, seg\u00fan su t\u00edo. Repiti\u00f3 un curso y este a\u00f1o asist\u00eda a 2\u00ba de la ESO en el instituto en el que, seg\u00fan fuentes del centro, varios menores tuvieron que ser atendidos por los m\u00e9dicos por \u201cataques de ansiedad\u201d tras conocer lo que le hab\u00eda pasado a la muchacha.<\/p>\n<p>Fuentes de la Consejer\u00eda de Educaci\u00f3n de la Comunidad de Madrid aseguran que no les constaba que esta menor hubiera tenido alg\u00fan problema psicol\u00f3gico ni enfrentamientos anteriores con otros alumnos, un extremo que desmienten tanto la familia como las fuentes del centro consultadas por EL PA\u00cdS.<\/p>\n<p>Tras conocer la muerte de la estudiante, Educaci\u00f3n envi\u00f3 al centro a un psic\u00f3logo y a dos inspectores que est\u00e1n valorando qu\u00e9 ha ocurrido, despu\u00e9s de reunirse con profesores y con la \u00fanica orientadora del instituto, al que acuden unos 1.200 alumnos. Sus familias han protagonizado distintas movilizaciones en los \u00faltimos a\u00f1os para pedir mejores dotaciones y m\u00e1s personal. La consejer\u00eda ha anunciado que a partir del pr\u00f3ximo lunes todos los alumnos que lo requieran ser\u00e1n tratados por especialistas.<\/p>\n<p>Seg\u00fan el t\u00edo de la menor, esta le relat\u00f3 a sus profesoras el supuesto acoso del que era v\u00edctima y les ense\u00f1\u00f3 los mensajes que recib\u00eda del chico. \u201cNo era la \u00fanica a la que ten\u00eda atemorizada en el instituto, pero s\u00ed la \u00fanica que lo denunci\u00f3\u201d, explica el mismo familiar.<\/p>\n<p>Las tutoras avisaron a la madre de la chica, una ni\u00f1a \u201camable, superbuena y muy protectora con su hermano menor\u201d que \u201crevent\u00f3 y cont\u00f3 su caso\u201d. Ni su madre ni el resto de familiares llegaron a ver los mensajes enviados por el supuesto acosador. Cuando acudieron a presentar la denuncia a la comisar\u00eda, ella los hab\u00eda borrado.<\/p>\n<p>Los docentes hab\u00edan citado a la familia el pr\u00f3ximo lunes en el centro para abordar el caso, seg\u00fan su t\u00edo, porque el pasado jueves la notaron muy nerviosa. Pero no dio tiempo: la joven ya no volver\u00e1 a clase.<\/p>\n","protected":false},"excerpt":{"rendered":"<p>Una chica de 16 a\u00f1os se ha suicidado este viernes en Madrid. Se despidi\u00f3 de sus amigas por WhatsApp y se tir\u00f3 al vac\u00edo desde la sexta planta de su bloque de pisos. Estudiaba en un instituto del sur de Madrid capital, en el que hab\u00eda padecido acoso escolar, seg\u00fan denunci\u00f3 su familia hace apenas [&hellip;]<\/p>\n","protected":false},"author":2,"featured_media":8805,"comment_status":"open","ping_status":"open","sticky":false,"template":"","format":"standard","meta":{"footnotes":""},"categories":[85],"tags":[],"class_list":["post-8804","post","type-post","status-publish","format-standard","has-post-thumbnail","hentry","category-espana"],"_links":{"self":[{"href":"https:\/\/2horizontes.com\/index.php?rest_route=\/wp\/v2\/posts\/8804","targetHints":{"allow":["GET"]}}],"collection":[{"href":"https:\/\/2horizontes.com\/index.php?rest_route=\/wp\/v2\/posts"}],"about":[{"href":"https:\/\/2horizontes.com\/index.php?rest_route=\/wp\/v2\/types\/post"}],"author":[{"embeddable":true,"href":"https:\/\/2horizontes.com\/index.php?rest_route=\/wp\/v2\/users\/2"}],"replies":[{"embeddable":true,"href":"https:\/\/2horizontes.com\/index.php?rest_route=%2Fwp%2Fv2%2Fcomments&post=8804"}],"version-history":[{"count":1,"href":"https:\/\/2horizontes.com\/index.php?rest_route=\/wp\/v2\/posts\/8804\/revisions"}],"predecessor-version":[{"id":8806,"href":"https:\/\/2horizontes.com\/index.php?rest_route=\/wp\/v2\/posts\/8804\/revisions\/8806"}],"wp:featuredmedia":[{"embeddable":true,"href":"https:\/\/2horizontes.com\/index.php?rest_route=\/wp\/v2\/media\/8805"}],"wp:attachment":[{"href":"https:\/\/2horizontes.com\/index.php?rest_route=%2Fwp%2Fv2%2Fmedia&parent=8804"}],"wp:term":[{"taxonomy":"category","embeddable":true,"href":"https:\/\/2horizontes.com\/index.php?rest_route=%2Fwp%2Fv2%2Fcategories&post=8804"},{"taxonomy":"post_tag","embeddable":true,"href":"https:\/\/2horizontes.com\/index.php?rest_route=%2Fwp%2Fv2%2Ftags&post=8804"}],"curies":[{"name":"wp","href":"https:\/\/api.w.org\/{rel}","templated":true}]}}