{"id":8608,"date":"2015-05-22T15:43:20","date_gmt":"2015-05-22T14:43:20","guid":{"rendered":"http:\/\/2horizontes.com\/?p=8608"},"modified":"2015-05-22T15:43:20","modified_gmt":"2015-05-22T14:43:20","slug":"mueren-18-guerrilleros-de-farc-en-operacion-militar-en-suroeste-de-colombia","status":"publish","type":"post","link":"https:\/\/2horizontes.com\/?p=8608","title":{"rendered":"Mueren 18 guerrilleros de FARC en operaci\u00f3n militar en suroeste de Colombia"},"content":{"rendered":"<div id=\"ArticleAuthorDiv\" class=\"article-body-author\"><b>EFE<\/b><\/div>\n<div id=\"ArticleSourceDiv\" class=\"article-body-author\"><b>Bogot\u00e1<\/b><\/div>\n<div id=\"ArticleBody\">\n<p>Al menos 18 guerrilleros de las FARC murieron y dos m\u00e1s fueron capturados en una operaci\u00f3n militar desarrollada en una zona rural del convulso departamento colombiano del Cauca (suroeste), informaron ayer fuentes oficiales.<\/p>\n<p>La acci\u00f3n fue un bombardeo de las Fuerzas Militares contra un campamento de las FARC en una zona rural del municipio de Guapi, dijeron a Efe fuentes del Ministerio de Defensa.<\/p>\n<p>Seg\u00fan las primeras informaciones, la operaci\u00f3n se realiz\u00f3 para capturar a alias \u00abJavier\u00bb, segundo cabecilla del frente 29 de las FARC.<\/p>\n<p>La fuente dijo a Efe que esta columna rebelde fue la que atac\u00f3, el 22 de noviembre del a\u00f1o pasado, una estaci\u00f3n de carabineros en la tur\u00edstica isla de Gorgona, en el Pac\u00edfico, donde dieron muerte a un oficial y arrasaron el cuartel policial.<\/p>\n<p>En el operativo de hoy fueron incautados una ametralladora, 15 fusiles, siete pistolas y un radio de comunicaciones, se\u00f1al\u00f3 por su parte el diario El Tiempo en su p\u00e1gina electr\u00f3nica.<\/p>\n<p>Este es el primer gran golpe contra las FARC desde que el pasado 15 de abril el presidente colombiano, Juan Manuel Santos, orden\u00f3 la reanudaci\u00f3n de bombardeos contra campamentos de esa guerrilla.<\/p>\n<p>La medida fue tomada por el jefe de Estado en respuesta al ataque de las FARC a una unidad militar que ese d\u00eda estaba descansando en un recinto deportivo en el corregimiento de Timba, perteneciente al municipio de Buenos Aires (Cauca), acci\u00f3n en la que murieron once miembros del Ej\u00e9rcito y m\u00e1s de 20 quedaron heridos.<\/p>\n<p>Santos hab\u00eda suspendido los bombardeos el pasado 10 de marzo por un mes, medida que prorrog\u00f3 el 10 de abril para reducir la intensidad del conflicto armado y en respuesta al cumplimiento que las FARC ven\u00edan haciendo hasta entonces del cese el fuego unilateral declarado en diciembre de 2014.<\/p>\n<p>El Gobierno colombiano y las FARC desarrollan conversaciones de paz desde noviembre de 2012 en La Habana sin que haya un alto el fuego bilateral.<\/p>\n<p>Santos siempre se ha opuesto al alto el fuego bilateral hasta que no se firme un acuerdo de paz, mientras que la guerrilla insiste en que se debe adoptar esa medida para evitar acciones de parte y parte que generen turbulencias en la mesa de negociaci\u00f3n.<\/p>\n<\/div>\n","protected":false},"excerpt":{"rendered":"<p>EFE Bogot\u00e1 Al menos 18 guerrilleros de las FARC murieron y dos m\u00e1s fueron capturados en una operaci\u00f3n militar desarrollada en una zona rural del convulso departamento colombiano del Cauca (suroeste), informaron ayer fuentes oficiales. La acci\u00f3n fue un bombardeo de las Fuerzas Militares contra un campamento de las FARC en una zona rural del [&hellip;]<\/p>\n","protected":false},"author":7,"featured_media":8610,"comment_status":"open","ping_status":"open","sticky":false,"template":"","format":"standard","meta":{"footnotes":""},"categories":[50,40],"tags":[],"class_list":["post-8608","post","type-post","status-publish","format-standard","has-post-thumbnail","hentry","category-colombia","category-internacionales"],"_links":{"self":[{"href":"https:\/\/2horizontes.com\/index.php?rest_route=\/wp\/v2\/posts\/8608","targetHints":{"allow":["GET"]}}],"collection":[{"href":"https:\/\/2horizontes.com\/index.php?rest_route=\/wp\/v2\/posts"}],"about":[{"href":"https:\/\/2horizontes.com\/index.php?rest_route=\/wp\/v2\/types\/post"}],"author":[{"embeddable":true,"href":"https:\/\/2horizontes.com\/index.php?rest_route=\/wp\/v2\/users\/7"}],"replies":[{"embeddable":true,"href":"https:\/\/2horizontes.com\/index.php?rest_route=%2Fwp%2Fv2%2Fcomments&post=8608"}],"version-history":[{"count":1,"href":"https:\/\/2horizontes.com\/index.php?rest_route=\/wp\/v2\/posts\/8608\/revisions"}],"predecessor-version":[{"id":8611,"href":"https:\/\/2horizontes.com\/index.php?rest_route=\/wp\/v2\/posts\/8608\/revisions\/8611"}],"wp:featuredmedia":[{"embeddable":true,"href":"https:\/\/2horizontes.com\/index.php?rest_route=\/wp\/v2\/media\/8610"}],"wp:attachment":[{"href":"https:\/\/2horizontes.com\/index.php?rest_route=%2Fwp%2Fv2%2Fmedia&parent=8608"}],"wp:term":[{"taxonomy":"category","embeddable":true,"href":"https:\/\/2horizontes.com\/index.php?rest_route=%2Fwp%2Fv2%2Fcategories&post=8608"},{"taxonomy":"post_tag","embeddable":true,"href":"https:\/\/2horizontes.com\/index.php?rest_route=%2Fwp%2Fv2%2Ftags&post=8608"}],"curies":[{"name":"wp","href":"https:\/\/api.w.org\/{rel}","templated":true}]}}