{"id":8574,"date":"2015-05-22T13:43:53","date_gmt":"2015-05-22T12:43:53","guid":{"rendered":"http:\/\/2horizontes.com\/?p=8574"},"modified":"2015-05-22T13:43:53","modified_gmt":"2015-05-22T12:43:53","slug":"turismo-anuncia-censo-de-poblacion-y-vivienda-desde-manana-en-ciudad-colonial","status":"publish","type":"post","link":"https:\/\/2horizontes.com\/?p=8574","title":{"rendered":"Turismo anuncia censo de poblaci\u00f3n y vivienda desde ma\u00f1ana en Ciudad Colonial"},"content":{"rendered":"<p>RD-Santo Domingo, 20 may (EFE).- El Ministerio de Turismo anunci\u00f3 hoy que entre ma\u00f1ana y el 14 de junio se realizar\u00e1 un censo de poblaci\u00f3n y vivienda en la Ciudad Colonial con el objetivo de conocer su densidad poblacional y sus atributos demogr\u00e1ficos y socioecon\u00f3micos.<\/p>\n<p>El estudio permitir\u00e1 crear un registro estad\u00edstico para el desarrollo de proyectos comunitarios incluyentes que impacten positivamente a los habitantes de la zona, declarada patrimonio de la humanidad por la Organizaci\u00f3n de las Naciones Unidas para la Educaci\u00f3n, la Ciencia y la Cultura (Unesco<\/p>\n<p>A trav\u00e9s de un comunicado, Turismo explic\u00f3 que el levantamiento estar\u00e1 a cargo del Centro de Estudios Sociales y Demogr\u00e1ficos (Cesdem), una instituci\u00f3n dedicada a la prestaci\u00f3n de servicios de investigaci\u00f3n, consultor\u00eda y evaluaci\u00f3n en las distintas \u00e1reas del desarrollo social, que ha trabajado en el desarrollo y ejecuci\u00f3n de m\u00e1s de 100 proyectos de investigaci\u00f3n en los campos de empleo, salud, condiciones de vida, nutrici\u00f3n, juventud y educaci\u00f3n.<\/p>\n<p>A partir de este censo, agreg\u00f3, se podr\u00e1 determinar, adem\u00e1s de la cantidad de habitantes de la Ciudad Colonial, cu\u00e1ntos trabajan en alguna actividad en la misma zona, sus principales fuentes de ingresos, las condiciones de sus viviendas y la calidad de vida a los fines de realizar un diagn\u00f3stico actualizado y una comparaci\u00f3n respecto a las informaciones obtenidas en el censo que hizo la Oficina Nacional de Estad\u00edstica (ONE) en 2010.EFE<\/p>\n","protected":false},"excerpt":{"rendered":"<p>RD-Santo Domingo, 20 may (EFE).- El Ministerio de Turismo anunci\u00f3 hoy que entre ma\u00f1ana y el 14 de junio se realizar\u00e1 un censo de poblaci\u00f3n y vivienda en la Ciudad Colonial con el objetivo de conocer su densidad poblacional y sus atributos demogr\u00e1ficos y socioecon\u00f3micos. El estudio permitir\u00e1 crear un registro estad\u00edstico para el desarrollo [&hellip;]<\/p>\n","protected":false},"author":8,"featured_media":8575,"comment_status":"open","ping_status":"open","sticky":false,"template":"","format":"standard","meta":{"footnotes":""},"categories":[64],"tags":[],"class_list":["post-8574","post","type-post","status-publish","format-standard","has-post-thumbnail","hentry","category-turismo"],"_links":{"self":[{"href":"https:\/\/2horizontes.com\/index.php?rest_route=\/wp\/v2\/posts\/8574","targetHints":{"allow":["GET"]}}],"collection":[{"href":"https:\/\/2horizontes.com\/index.php?rest_route=\/wp\/v2\/posts"}],"about":[{"href":"https:\/\/2horizontes.com\/index.php?rest_route=\/wp\/v2\/types\/post"}],"author":[{"embeddable":true,"href":"https:\/\/2horizontes.com\/index.php?rest_route=\/wp\/v2\/users\/8"}],"replies":[{"embeddable":true,"href":"https:\/\/2horizontes.com\/index.php?rest_route=%2Fwp%2Fv2%2Fcomments&post=8574"}],"version-history":[{"count":1,"href":"https:\/\/2horizontes.com\/index.php?rest_route=\/wp\/v2\/posts\/8574\/revisions"}],"predecessor-version":[{"id":8576,"href":"https:\/\/2horizontes.com\/index.php?rest_route=\/wp\/v2\/posts\/8574\/revisions\/8576"}],"wp:featuredmedia":[{"embeddable":true,"href":"https:\/\/2horizontes.com\/index.php?rest_route=\/wp\/v2\/media\/8575"}],"wp:attachment":[{"href":"https:\/\/2horizontes.com\/index.php?rest_route=%2Fwp%2Fv2%2Fmedia&parent=8574"}],"wp:term":[{"taxonomy":"category","embeddable":true,"href":"https:\/\/2horizontes.com\/index.php?rest_route=%2Fwp%2Fv2%2Fcategories&post=8574"},{"taxonomy":"post_tag","embeddable":true,"href":"https:\/\/2horizontes.com\/index.php?rest_route=%2Fwp%2Fv2%2Ftags&post=8574"}],"curies":[{"name":"wp","href":"https:\/\/api.w.org\/{rel}","templated":true}]}}