{"id":8450,"date":"2015-05-21T20:05:42","date_gmt":"2015-05-21T19:05:42","guid":{"rendered":"http:\/\/2horizontes.com\/?p=8450"},"modified":"2015-05-21T20:12:12","modified_gmt":"2015-05-21T19:12:12","slug":"coleccion-de-vestidos-de-novias-en-barcelona","status":"publish","type":"post","link":"https:\/\/2horizontes.com\/?p=8450","title":{"rendered":"COLECCION DE VESTIDOS DE NOVIAS EN BARCELONA"},"content":{"rendered":"<p><a class=\"post-thumbnail\" href=\"https:\/\/arpashopping.wordpress.com\/2015\/05\/21\/desde-barcelona-la-fabrica-de-los-suenos-de-pronovias-coleccion-2016-en-pasarela-gaudi-novia\/\"><img loading=\"lazy\" decoding=\"async\" class=\"attachment-post-thumbnail wp-post-image\" src=\"https:\/\/arpashopping.files.wordpress.com\/2015\/05\/pronovias1.jpg?w=672&amp;h=372&amp;crop=1\" alt=\"DESDE BARCELONA \u201cLA FABRICA DE LOS SUE\u00d1OS DE PRONOVIAS\u201d COLECCION 2016 EN PASARELA GAUD\u00cd NOVIA\" width=\"672\" height=\"372\" \/><\/a><\/p>\n<header class=\"entry-header\">\n<div class=\"entry-meta\"><span class=\"cat-links\"><a href=\"https:\/\/arpashopping.wordpress.com\/category\/moda\/\" rel=\"category tag\">MODA<\/a>,<a href=\"https:\/\/arpashopping.wordpress.com\/category\/moda\/passarella\/\" rel=\"category tag\">PASSARELLA<\/a>,<a href=\"https:\/\/arpashopping.wordpress.com\/category\/moda\/tendencias\/\" rel=\"category tag\">TENDENCIAS<\/a>,<a href=\"https:\/\/arpashopping.wordpress.com\/category\/moda\/vestidos-de-novia\/\" rel=\"category tag\">VESTIDOS DE NOVIA<\/a><\/span><\/div>\n<h1 class=\"entry-title\"><a href=\"https:\/\/arpashopping.wordpress.com\/2015\/05\/21\/desde-barcelona-la-fabrica-de-los-suenos-de-pronovias-coleccion-2016-en-pasarela-gaudi-novia\/\" rel=\"bookmark\">DESDE BARCELONA \u201cLA FABRICA DE LOS SUE\u00d1OS DE PRONOVIAS\u201d COLECCION 2016 EN PASARELA GAUD\u00cd NOVIA<\/a><\/h1>\n<div class=\"entry-meta\"><span class=\"entry-date\"><a href=\"https:\/\/arpashopping.wordpress.com\/2015\/05\/21\/desde-barcelona-la-fabrica-de-los-suenos-de-pronovias-coleccion-2016-en-pasarela-gaudi-novia\/\" rel=\"bookmark\">21 MAYO 2015<\/a><\/span> <span class=\"comments-link\"><a href=\"https:\/\/arpashopping.wordpress.com\/2015\/05\/21\/desde-barcelona-la-fabrica-de-los-suenos-de-pronovias-coleccion-2016-en-pasarela-gaudi-novia\/#respond\">DEJA UN COMENTARIO<\/a><\/span><\/div>\n<\/header>\n<div class=\"entry-content\">\n<p>Hola amigos, desde Barcelona Espa\u00f1a como cada a\u00f1o una de las<strong>Colecciones m\u00e1s esperadas en la Pasarela Gaud\u00ed Novia<\/strong> es el de Pronovias que este a\u00f1o tom\u00f3 el nombre de<strong> \u201cLa F\u00e1brica de los Sue\u00f1os de Pronovias\u201d. La protagonista de la Pasarela Gaud\u00ed fu\u00e9 la fachada<\/strong> de estilo<strong> mud\u00e9jar de Sevilla<\/strong> y cobr\u00f3 vida con im\u00e1genes de desfiles del equipo de dise\u00f1o.<\/p>\n<p><a href=\"https:\/\/arpashopping.files.wordpress.com\/2015\/05\/pronovias_507.jpg\"><img loading=\"lazy\" decoding=\"async\" class=\"alignnone size-full wp-image-2089\" src=\"https:\/\/arpashopping.files.wordpress.com\/2015\/05\/pronovias_507.jpg?w=474&amp;h=315\" alt=\"Pronovias_507\" width=\"474\" height=\"315\" \/><\/a><\/p>\n<p><strong>\u201cLa F\u00e1brica de los Sue\u00f1os de Pronovias\u201d<\/strong> present\u00f3 las \u00faltimas tendencias en<strong> Moda Nupcial y vemos al blanco como color estrella<\/strong>y en m\u00faltiples matices de blanco, una colecci\u00f3n completamente nueva.<\/p>\n<p><a href=\"https:\/\/arpashopping.files.wordpress.com\/2015\/05\/pronovias_108.jpg\"><img loading=\"lazy\" decoding=\"async\" class=\"alignnone size-full wp-image-2090\" src=\"https:\/\/arpashopping.files.wordpress.com\/2015\/05\/pronovias_108.jpg?w=474&amp;h=315\" alt=\"Pronovias_108\" width=\"474\" height=\"315\" \/><\/a><\/p>\n<p>En esta colecci\u00f3n se han utilizado <strong>encajes franceses, mikados, crepes, chantilly, brocados, raso, raso suave y tul.<\/strong> El tul juega un pap\u00e9l importante porque d\u00e1 \u00e9nfasis en la espalda y en mangas largas creando juegos de transparencias.\u00a0Los modelos como sirena, camisa, el princesa donan a la silueta femenina una segunda piel, con el talle esbelto y faldas con vol\u00famen. Un beso.<\/p>\n<p><a href=\"https:\/\/arpashopping.files.wordpress.com\/2015\/05\/pronovias_105.jpg\"><img loading=\"lazy\" decoding=\"async\" class=\"  wp-image-2091 aligncenter\" src=\"https:\/\/arpashopping.files.wordpress.com\/2015\/05\/pronovias_105.jpg?w=400&amp;h=600\" alt=\"Pronovias_105\" width=\"400\" height=\"600\" \/><\/a><\/p>\n<\/div>\n","protected":false},"excerpt":{"rendered":"<p>MODA,PASSARELLA,TENDENCIAS,VESTIDOS DE NOVIA DESDE BARCELONA \u201cLA FABRICA DE LOS SUE\u00d1OS DE PRONOVIAS\u201d COLECCION 2016 EN PASARELA GAUD\u00cd NOVIA 21 MAYO 2015 DEJA UN COMENTARIO Hola amigos, desde Barcelona Espa\u00f1a como cada a\u00f1o una de lasColecciones m\u00e1s esperadas en la Pasarela Gaud\u00ed Novia es el de Pronovias que este a\u00f1o tom\u00f3 el nombre de \u201cLa F\u00e1brica [&hellip;]<\/p>\n","protected":false},"author":8,"featured_media":8452,"comment_status":"open","ping_status":"open","sticky":false,"template":"","format":"standard","meta":{"footnotes":""},"categories":[52],"tags":[],"class_list":["post-8450","post","type-post","status-publish","format-standard","has-post-thumbnail","hentry","category-moda"],"_links":{"self":[{"href":"https:\/\/2horizontes.com\/index.php?rest_route=\/wp\/v2\/posts\/8450","targetHints":{"allow":["GET"]}}],"collection":[{"href":"https:\/\/2horizontes.com\/index.php?rest_route=\/wp\/v2\/posts"}],"about":[{"href":"https:\/\/2horizontes.com\/index.php?rest_route=\/wp\/v2\/types\/post"}],"author":[{"embeddable":true,"href":"https:\/\/2horizontes.com\/index.php?rest_route=\/wp\/v2\/users\/8"}],"replies":[{"embeddable":true,"href":"https:\/\/2horizontes.com\/index.php?rest_route=%2Fwp%2Fv2%2Fcomments&post=8450"}],"version-history":[{"count":1,"href":"https:\/\/2horizontes.com\/index.php?rest_route=\/wp\/v2\/posts\/8450\/revisions"}],"predecessor-version":[{"id":8451,"href":"https:\/\/2horizontes.com\/index.php?rest_route=\/wp\/v2\/posts\/8450\/revisions\/8451"}],"wp:featuredmedia":[{"embeddable":true,"href":"https:\/\/2horizontes.com\/index.php?rest_route=\/wp\/v2\/media\/8452"}],"wp:attachment":[{"href":"https:\/\/2horizontes.com\/index.php?rest_route=%2Fwp%2Fv2%2Fmedia&parent=8450"}],"wp:term":[{"taxonomy":"category","embeddable":true,"href":"https:\/\/2horizontes.com\/index.php?rest_route=%2Fwp%2Fv2%2Fcategories&post=8450"},{"taxonomy":"post_tag","embeddable":true,"href":"https:\/\/2horizontes.com\/index.php?rest_route=%2Fwp%2Fv2%2Ftags&post=8450"}],"curies":[{"name":"wp","href":"https:\/\/api.w.org\/{rel}","templated":true}]}}