{"id":8233,"date":"2015-05-21T03:53:19","date_gmt":"2015-05-21T02:53:19","guid":{"rendered":"http:\/\/2horizontes.com\/?p=8233"},"modified":"2015-05-21T03:53:19","modified_gmt":"2015-05-21T02:53:19","slug":"eeuu-y-cuba-en-nueva-reunion-para-avanzar-hacia-restablecimiento-de-relaciones","status":"publish","type":"post","link":"https:\/\/2horizontes.com\/?p=8233","title":{"rendered":"EEUU y Cuba, en nueva reuni\u00f3n para avanzar hacia restablecimiento de relaciones"},"content":{"rendered":"<div id=\"ArticleAuthorDiv\" class=\"article-body-author\"><b>RD-AFP-<\/b>Delegaciones de Estados Unidos y de Cuba sostendr\u00e1n hoy en Washington una nueva ronda de negociaciones para tratar de resolver los temas pendientes y avanzar hacia el restablecimiento de sus relaciones diplom\u00e1ticas y eventual reapertura de embajadas.<\/div>\n<div id=\"ArticleBody\">\n<p>Desde el hist\u00f3rico anuncio del pasado 17 de diciembre sobre el inicio del proceso de reaproximaci\u00f3n, esta ser\u00e1 la cuarta oportunidad en que delegaciones de los dos pa\u00edses estar\u00e1n frente a frente para allanar el camino a la superaci\u00f3n de medio siglo de ruptura.<\/p>\n<p>Los dos pa\u00edses buscan resolver temas pendientes para anunciar el restablecimiento de sus relaciones bilaterales, para luego proceder a la reapertura de las embajadas y, en el futuro, encarar el trabajoso proceso de normalizar esos lazos bilaterales.<\/p>\n<p>\u00abAunque se han hecho progresos en nuestros esfuerzos para restablecer las relaciones diplom\u00e1ticas, todav\u00eda no llegamos a ese punto. A\u00fan hay asuntos pendientes que necesitan ser resueltos\u00bb, dijo este mi\u00e9rcoles la Subsecretaria de Estado para el Hemisferio Occidental, Roberta Jacobson.<\/p>\n<p>Al hablar ante la comisi\u00f3n de relaciones exteriores del Senado, Jacobson dijo que en esta fase la prioridad de la delegaci\u00f3n estadounidense es alcanzar con los diplom\u00e1ticos cubanos acuerdos fundamentales sobre como funcionar\u00edan las respectivas embajadas.<\/p>\n<p>&#8211; Agenda centrada en temas concretos &#8211;<\/p>\n<p>La reuni\u00f3n del jueves, dijo Jacobson, se concentrar\u00e1 en \u00abcerrar el resto del acuerdo para (tener) una embajada que opere en forma similar en que operamos en otros pa\u00edses\u00bb.<\/p>\n<p>Esto implica acuerdos concretos sobre libertad de movimientos del personal en cada pa\u00eds, inviolabilidad de la llamada valija diplom\u00e1tica y posibilidad de que los ciudadanos locales tengan acceso libre a las embajadas.<\/p>\n<p>Estos detalles est\u00e1n basados en la Convenci\u00f3n de Viena sobre relaciones diplom\u00e1ticas y se apoyan en el principio de la reciprocidad.<\/p>\n<p>Una de esas discusiones de log\u00edstica se concentraba en la negativa de bancos estadounidenses o con operaciones en Estados Unidos en asumir la administraci\u00f3n de las cuentas bancarias de la representaci\u00f3n cubana, que por esa causa debi\u00f3 reducir sus tareas consulares a un m\u00ednimo.<\/p>\n<p>El martes, una alta fuente diplom\u00e1tica estadounidense asegur\u00f3 que la Secci\u00f3n de Intereses de Cuba en Washington (que eventualmente se convertir\u00e1 en la Embajada de Cuba) hab\u00eda alcanzado un acuerdo con una entidad bancaria, removiendo as\u00ed un enorme obst\u00e1culo en las negociaciones.<\/p>\n<p>Cuba a\u00fan no ha confirmado ese acuerdo que le garantizar\u00eda volver a disfrutar de servicios bancarios.<\/p>\n<p>El otro gran obst\u00e1culo podr\u00e1 ser eliminado a partir del 29 de mayo, cuando se vence el plazo para que el Congreso bloquee la decisi\u00f3n del presidente Barack Obama de retirar a Cuba de la pol\u00e9mica lista del Departamento de Estado sobre pa\u00edses que promueven el terrorismo.<\/p>\n<p>&#8211; Diferencias \u00absignificativas\u00bb &#8211;<\/p>\n<p>Pero m\u00e1s all\u00e1 de las discusiones sobre cuestiones log\u00edsticas espec\u00edficas, Jacobson admiti\u00f3 que las dos delegaciones a\u00fan mantienen profundas diferencias de visi\u00f3n en diversos aspectos.<\/p>\n<p>\u00abA\u00fan se mantienen diferencias significativas entre nuestros dos gobiernos\u00bb, dijo Jacobson.<\/p>\n<p>De acuerdo con la alta funcionaria, en los encuentros sostenidos para alcanzar el restablecimiento de relaciones diplom\u00e1ticas \u00abseguimos mencionando nuestras preocupaciones sobre democracia, derechos humanos y libertad de expresi\u00f3n\u00bb.<\/p>\n<p>Desde el anuncio de diciembre pasado, cubanos y estadounidenses ya mantuvieron tres rondas de alto nivel, alternadamente en La Habana y Washington.<\/p>\n<p>Adem\u00e1s, el propio Obama protagoniz\u00f3 un hist\u00f3rico encuentro con el presidente cubano Ra\u00fal Castro al margen de la Cumbre de las Am\u00e9ricas, realizada en Panam\u00e1 en abril.<\/p>\n<p>Comisiones t\u00e9cnicas de los dos pa\u00edses tambi\u00e9n mantuvieron reuniones sectoriales sobre temas como pol\u00edtica migratoria, contactos postales y aeron\u00e1utica civil, adem\u00e1s de un primer encuentro en Washington sobre derechos humanos.<\/p>\n<\/div>\n","protected":false},"excerpt":{"rendered":"<p>RD-AFP-Delegaciones de Estados Unidos y de Cuba sostendr\u00e1n hoy en Washington una nueva ronda de negociaciones para tratar de resolver los temas pendientes y avanzar hacia el restablecimiento de sus relaciones diplom\u00e1ticas y eventual reapertura de embajadas. Desde el hist\u00f3rico anuncio del pasado 17 de diciembre sobre el inicio del proceso de reaproximaci\u00f3n, esta ser\u00e1 [&hellip;]<\/p>\n","protected":false},"author":8,"featured_media":8234,"comment_status":"open","ping_status":"open","sticky":false,"template":"","format":"standard","meta":{"footnotes":""},"categories":[49,40],"tags":[],"class_list":["post-8233","post","type-post","status-publish","format-standard","has-post-thumbnail","hentry","category-cuba","category-internacionales"],"_links":{"self":[{"href":"https:\/\/2horizontes.com\/index.php?rest_route=\/wp\/v2\/posts\/8233","targetHints":{"allow":["GET"]}}],"collection":[{"href":"https:\/\/2horizontes.com\/index.php?rest_route=\/wp\/v2\/posts"}],"about":[{"href":"https:\/\/2horizontes.com\/index.php?rest_route=\/wp\/v2\/types\/post"}],"author":[{"embeddable":true,"href":"https:\/\/2horizontes.com\/index.php?rest_route=\/wp\/v2\/users\/8"}],"replies":[{"embeddable":true,"href":"https:\/\/2horizontes.com\/index.php?rest_route=%2Fwp%2Fv2%2Fcomments&post=8233"}],"version-history":[{"count":1,"href":"https:\/\/2horizontes.com\/index.php?rest_route=\/wp\/v2\/posts\/8233\/revisions"}],"predecessor-version":[{"id":8235,"href":"https:\/\/2horizontes.com\/index.php?rest_route=\/wp\/v2\/posts\/8233\/revisions\/8235"}],"wp:featuredmedia":[{"embeddable":true,"href":"https:\/\/2horizontes.com\/index.php?rest_route=\/wp\/v2\/media\/8234"}],"wp:attachment":[{"href":"https:\/\/2horizontes.com\/index.php?rest_route=%2Fwp%2Fv2%2Fmedia&parent=8233"}],"wp:term":[{"taxonomy":"category","embeddable":true,"href":"https:\/\/2horizontes.com\/index.php?rest_route=%2Fwp%2Fv2%2Fcategories&post=8233"},{"taxonomy":"post_tag","embeddable":true,"href":"https:\/\/2horizontes.com\/index.php?rest_route=%2Fwp%2Fv2%2Ftags&post=8233"}],"curies":[{"name":"wp","href":"https:\/\/api.w.org\/{rel}","templated":true}]}}