{"id":8150,"date":"2015-05-20T18:31:47","date_gmt":"2015-05-20T17:31:47","guid":{"rendered":"http:\/\/2horizontes.com\/?p=8150"},"modified":"2015-05-20T18:31:47","modified_gmt":"2015-05-20T17:31:47","slug":"monica-naranjo-se-incorpora-al-jurado-de-la-segunda-edicion-de-pequenos-gigantes","status":"publish","type":"post","link":"https:\/\/2horizontes.com\/?p=8150","title":{"rendered":"M\u00f3nica Naranjo se incorpora al jurado de la segunda edici\u00f3n de \u201cPeque\u00f1os gigantes"},"content":{"rendered":"<p>M\u00f3nica Naranjo, que se convierte en el <strong class=\"mce\"> primer fichaje del espacio conducido por Jes\u00fas V\u00e1zquez<\/strong>, se encargar\u00e1 de valorar las actuaciones de j\u00f3venes promesas de entre 4 y 12 en distintas disciplinas art\u00edsticas como el canto, el baile, la magia o el humor, entre otras.<\/p>\n<p class=\"mce\">El concurso, producido por la cadena y La Competencia en colaboraci\u00f3n con Cuarzo TV, <strong class=\"mce\"> ha concluido con \u00e9xito su fase de <i>casting<\/i> presencial<\/strong>, con la participaci\u00f3n de <strong class=\"mce\"> m\u00e1s de 2.000 candidatos<\/strong> en Madrid, Barcelona, Sevilla, Valencia y Las Palmas de Gran Canaria.<\/p>\n<p class=\"mce\"><strong class=\"mce\"> M\u00f3nica Naranjo: una trayectoria de trabajo y \u00e9xitos<\/strong><\/p>\n<p class=\"mce\">La cantante, compositora y productora, M\u00f3nica Naranjo es toda una referencia en la iconograf\u00eda pop con m\u00e1s de 9 millones de discos vendidos, principalmente en Europa y Am\u00e9rica desde 1994. Su trayectoria profesional ha sido reconocida con numerosos premios, entre los que destacan 3 World Music Awards (1996, 1998 y 2010). Ha realizado tambi\u00e9n duetos con artistas de la talla de Riccardo Cocciante, Luciano Pavarotti, Mina, Tom Jones, Al Bano o Roc\u00edo Jurado, entre otros muchos. Es madrina de la iniciativa Community Beat, plataforma online dirigida a impulsar tanto a artistas consagrados como a noveles. En televisi\u00f3n ha sido jurado habitual en los talent shows \u201cTu cara me suena\u201d y \u201cEl n\u00famero uno\u201d, adem\u00e1s de presentar el concurso \u201cA bailar\u201d.<\/p>\n","protected":false},"excerpt":{"rendered":"<p>M\u00f3nica Naranjo, que se convierte en el primer fichaje del espacio conducido por Jes\u00fas V\u00e1zquez, se encargar\u00e1 de valorar las actuaciones de j\u00f3venes promesas de entre 4 y 12 en distintas disciplinas art\u00edsticas como el canto, el baile, la magia o el humor, entre otras. El concurso, producido por la cadena y La Competencia en [&hellip;]<\/p>\n","protected":false},"author":3,"featured_media":8151,"comment_status":"open","ping_status":"open","sticky":false,"template":"","format":"standard","meta":{"footnotes":""},"categories":[1],"tags":[],"class_list":["post-8150","post","type-post","status-publish","format-standard","has-post-thumbnail","hentry","category-entretenimiento"],"_links":{"self":[{"href":"https:\/\/2horizontes.com\/index.php?rest_route=\/wp\/v2\/posts\/8150","targetHints":{"allow":["GET"]}}],"collection":[{"href":"https:\/\/2horizontes.com\/index.php?rest_route=\/wp\/v2\/posts"}],"about":[{"href":"https:\/\/2horizontes.com\/index.php?rest_route=\/wp\/v2\/types\/post"}],"author":[{"embeddable":true,"href":"https:\/\/2horizontes.com\/index.php?rest_route=\/wp\/v2\/users\/3"}],"replies":[{"embeddable":true,"href":"https:\/\/2horizontes.com\/index.php?rest_route=%2Fwp%2Fv2%2Fcomments&post=8150"}],"version-history":[{"count":1,"href":"https:\/\/2horizontes.com\/index.php?rest_route=\/wp\/v2\/posts\/8150\/revisions"}],"predecessor-version":[{"id":8152,"href":"https:\/\/2horizontes.com\/index.php?rest_route=\/wp\/v2\/posts\/8150\/revisions\/8152"}],"wp:featuredmedia":[{"embeddable":true,"href":"https:\/\/2horizontes.com\/index.php?rest_route=\/wp\/v2\/media\/8151"}],"wp:attachment":[{"href":"https:\/\/2horizontes.com\/index.php?rest_route=%2Fwp%2Fv2%2Fmedia&parent=8150"}],"wp:term":[{"taxonomy":"category","embeddable":true,"href":"https:\/\/2horizontes.com\/index.php?rest_route=%2Fwp%2Fv2%2Fcategories&post=8150"},{"taxonomy":"post_tag","embeddable":true,"href":"https:\/\/2horizontes.com\/index.php?rest_route=%2Fwp%2Fv2%2Ftags&post=8150"}],"curies":[{"name":"wp","href":"https:\/\/api.w.org\/{rel}","templated":true}]}}