{"id":8070,"date":"2015-05-20T00:42:19","date_gmt":"2015-05-19T23:42:19","guid":{"rendered":"http:\/\/2horizontes.com\/?p=8070"},"modified":"2015-05-20T00:43:35","modified_gmt":"2015-05-19T23:43:35","slug":"por-que-el-75-de-los-trabajadores-del-mundo-no-tienen-empleo-estable","status":"publish","type":"post","link":"https:\/\/2horizontes.com\/?p=8070","title":{"rendered":"Por qu\u00e9 el 75% de los trabajadores del mundo no tienen empleo estable"},"content":{"rendered":"<p class=\"story-body__introduction\">Minicontratos, contratos cero hora, trabajos informales.<\/p>\n<p>Los nombres var\u00edan, pero hay coincidencia en la realidad a nivel global.<\/p>\n<p>Tres cuartas partes de los trabajadores del mundo no tienen un empleo estable de tiempo indefinido, seg\u00fan un nuevo informe de la Organizaci\u00f3n Internacional del Trabajo, OIT.<\/p>\n<p>Y en Am\u00e9rica Latina se hallan en esa situaci\u00f3n al menos el 69% de los trabajadores. El porcentaje en cambio en algunos pa\u00edses de Europa es de apenas el 17%.<\/p>\n<figure class=\"media-landscape full-width has-caption\"><img loading=\"lazy\" decoding=\"async\" class=\"js-image-replace\" src=\"http:\/\/ichef.bbci.co.uk\/news\/ws\/624\/amz\/worldservice\/live\/assets\/images\/2015\/05\/19\/150519113531_trabajo1_624x351_thinkstock.jpg\" alt=\"Estudiantes\" width=\"624\" height=\"351\" \/><figcaption class=\"media-caption\"><span class=\"media-caption__text\">\u00abLos sistemas educativos no conectan lo suficiente con las necesidades del empleo\u00bb, dijo Raymond Torres, director del departamento de investigaciones de la OIT a BBC Mundo.<\/span><\/figcaption><\/figure>\n<p>El informe, titulado \u00abPerspectivas Sociales y del Empleo en el Mundo 2015\u00bb, tambi\u00e9n presenta datos sobre el desempleo juvenil.<\/p>\n<p>Espa\u00f1a, con un 57,9%, es el pa\u00eds en el que los j\u00f3venes se encuentran en peor situaci\u00f3n a nivel europeo.<\/p>\n<p>La cifra en Alemania, por ejemplo, es del 7,6%.<\/p>\n<h2 class=\"story-body__crosshead\">Minicontratos y empleo informal<\/h2>\n<p>\u00abS\u00f3lo la cuarta parte de los trabajadores a nivel mundial tiene un contrato que no es temporal o de corta duraci\u00f3n\u00bb, dijo a BBC Mundo Raymond Torres, director del departamento de investigaciones de la OIT.<\/p>\n<figure class=\"media-landscape full-width has-caption\"><img loading=\"lazy\" decoding=\"async\" class=\"js-image-replace\" src=\"http:\/\/ichef.bbci.co.uk\/news\/ws\/624\/amz\/worldservice\/live\/assets\/images\/2014\/03\/18\/140318023326_unemplyment_spain_624x351_ap.jpg\" alt=\"Personas en una fila de un centro de empleo\" width=\"624\" height=\"351\" \/><figcaption class=\"media-caption\"><span class=\"media-caption__text\">La proliferaci\u00f3n de minicontratos y contratos cero hora es uno de los factores que explica el aumento del empleo inestable.<\/span><\/figcaption><\/figure>\n<p>Una de las razones es la expansi\u00f3n de los contratos conocidos como minicontratos en Alemania o contratos cero hora en Reino Unido.<\/p>\n<p>\u00abSon contratos que no garantizan al trabajador ni siquiera una estabilidad en el horario de trabajo. El trabajador tiene que responder a una demanda de la empresa en el caso de que haya trabajo disponible para realizar\u00bb, explic\u00f3 Torres.<\/p>\n<p>\u00abTiene que estar disponible, pero tampoco tiene garant\u00eda de que todas las semanas va a tener el mismo volumen de trabajo\u00bb.<\/p>\n<figure class=\"media-landscape body-narrow-width has-caption\"><img loading=\"lazy\" decoding=\"async\" class=\"js-image-replace\" src=\"http:\/\/ichef.bbci.co.uk\/news\/ws\/304\/amz\/worldservice\/live\/assets\/images\/2014\/06\/01\/140601142828_spain_economy_employment_304x171_afp_nocredit.jpg\" alt=\"Trabajadores en un centro de empleo\" width=\"304\" height=\"171\" \/><figcaption class=\"media-caption\"><span class=\"media-caption__text\">En Am\u00e9rica Latina uno de los principales factores es la importancia del sector informal.<\/span><\/figcaption><\/figure>\n<p>La OIT no dispone de cifras comparativas globales sobre contratos cero hora. Pero s\u00f3lo en Reino Unido la Oficina Nacional de Estad\u00edstica dijo que al menos 697.000 personas fueron empleadas con ese tipo de contrato entre octubre y diciembre de 2014.<\/p>\n<p>En Am\u00e9rica Latina la principal raz\u00f3n de la falta de estabilidad en el trabajo es que una parte importante del empleo en la regi\u00f3n sigue siendo informal.<\/p>\n<p>\u00abPueden ser empleos no declarados en empresas registradas o empleos directamente informales, como vendedores de calle\u00bb, se\u00f1al\u00f3 Torres.<\/p>\n<p>El director de investigaciones de la OIT destaca como un paso positivo que algunos pa\u00edses de la regi\u00f3n mejoraron la protecci\u00f3n social de los trabajadores informales.<\/p>\n<p>\u00abEn Bolivia ha habido un esfuerzo para hacer llegar las pensiones a personas que no est\u00e1n en relaciones de trabajo tradicional\u00bb.<\/p>\n<figure class=\"media-landscape full-width has-caption\"><img loading=\"lazy\" decoding=\"async\" class=\"js-image-replace\" src=\"http:\/\/ichef.bbci.co.uk\/news\/ws\/624\/amz\/worldservice\/live\/assets\/images\/2015\/05\/19\/150519114911_informal1_624x351_gettyimages.jpg\" alt=\"Mercado en Am\u00e9rica Latina\" width=\"624\" height=\"351\" \/><figcaption class=\"media-caption\"><span class=\"media-caption__text\">La OIT destaca que en pa\u00edses como Bolivia y Uruguay se mejor\u00f3 el acceso de los trabajadores del sector informal a la seguridad social.<\/span><\/figcaption><\/figure>\n<p>Y en Uruguay Torres se\u00f1ala que mejor\u00f3 el acceso de los trabajadores informales a la seguridad social y a la cobertura de salud.<\/p>\n<p>Per\u00fa es el pa\u00eds peor situado, con m\u00e1s del 91% de los trabajadores sin contrato estable, seg\u00fan la OIT.<\/p>\n<p>Entre los factores que explican el caso peruano est\u00e1 la expansi\u00f3n de la informalidad y que la econom\u00eda \u00abest\u00e1 muy dominada por los recursos naturales que no ocupan tanta mano de obra\u00bb, seg\u00fan Torres.<\/p>\n<h2 class=\"story-body__crosshead\">Desempleo juvenil<\/h2>\n<figure class=\"media-landscape full-width has-caption\"><img loading=\"lazy\" decoding=\"async\" class=\"js-image-replace\" src=\"http:\/\/ichef.bbci.co.uk\/news\/ws\/624\/amz\/worldservice\/live\/assets\/images\/2015\/03\/08\/150308105441_france_women_employment_industry_624x351_afp_nocredit.jpg\" alt=\"Trabajadora en un empleo t\u00e9cnico\" width=\"624\" height=\"351\" \/><figcaption class=\"media-caption\"><span class=\"media-caption__text\">El desprestigio de las carreras vocacionales t\u00e9cnicas es un problema en Am\u00e9rica Latina.<\/span><\/figcaption><\/figure>\n<p>Cada a\u00f1o se incorporan al mercado laboral cerca de 40 millones de j\u00f3venes, seg\u00fan el informe.<\/p>\n<p>Y uno de los mayores desaf\u00edos es resolver \u00abel problema de la transici\u00f3n de los j\u00f3venes a la vida econ\u00f3micamente activa\u00bb.<\/p>\n<p>Uno de los problemas principales en Am\u00e9rica Latina y otras regiones es para Torres que \u00ablos sistemas educativos no conectan lo suficiente con las necesidades del empleo\u00bb.<\/p>\n<p>Otro factor crucial es \u00abel desprestigio de las carreras t\u00e9cnicas por factores culturales\u00bb.<\/p>\n<p>Torres destaca como un cambio positivo que poco a poco est\u00e1n surgiendo m\u00e1s grados universitarios con fuertes componentes t\u00e9cnicos.<\/p>\n<p>Y en algunos pa\u00edses se est\u00e1n dise\u00f1ando carreras en consulta con el sector empresarial.<\/p>\n<figure class=\"media-landscape full-width has-caption\"><img loading=\"lazy\" decoding=\"async\" class=\"js-image-replace\" src=\"http:\/\/ichef.bbci.co.uk\/news\/ws\/624\/amz\/worldservice\/live\/assets\/images\/2014\/09\/02\/140902162802_workers_spain_624x351_afp.jpg\" alt=\"Trabajador de la construcci\u00f3n en Espa\u00f1a\" width=\"624\" height=\"351\" \/><figcaption class=\"media-caption\"><span class=\"media-caption__text\">El desempleo juvenil en Espa\u00f1a se sit\u00faa en el 57,9% y es el peor de Europa, seg\u00fan la OIT.<\/span><\/figcaption><\/figure>\n","protected":false},"excerpt":{"rendered":"<p>Minicontratos, contratos cero hora, trabajos informales. Los nombres var\u00edan, pero hay coincidencia en la realidad a nivel global. Tres cuartas partes de los trabajadores del mundo no tienen un empleo estable de tiempo indefinido, seg\u00fan un nuevo informe de la Organizaci\u00f3n Internacional del Trabajo, OIT. Y en Am\u00e9rica Latina se hallan en esa situaci\u00f3n al [&hellip;]<\/p>\n","protected":false},"author":4,"featured_media":8071,"comment_status":"open","ping_status":"open","sticky":false,"template":"","format":"standard","meta":{"footnotes":""},"categories":[82,84],"tags":[],"class_list":["post-8070","post","type-post","status-publish","format-standard","has-post-thumbnail","hentry","category-opinion","category-otras-noticias"],"_links":{"self":[{"href":"https:\/\/2horizontes.com\/index.php?rest_route=\/wp\/v2\/posts\/8070","targetHints":{"allow":["GET"]}}],"collection":[{"href":"https:\/\/2horizontes.com\/index.php?rest_route=\/wp\/v2\/posts"}],"about":[{"href":"https:\/\/2horizontes.com\/index.php?rest_route=\/wp\/v2\/types\/post"}],"author":[{"embeddable":true,"href":"https:\/\/2horizontes.com\/index.php?rest_route=\/wp\/v2\/users\/4"}],"replies":[{"embeddable":true,"href":"https:\/\/2horizontes.com\/index.php?rest_route=%2Fwp%2Fv2%2Fcomments&post=8070"}],"version-history":[{"count":2,"href":"https:\/\/2horizontes.com\/index.php?rest_route=\/wp\/v2\/posts\/8070\/revisions"}],"predecessor-version":[{"id":8073,"href":"https:\/\/2horizontes.com\/index.php?rest_route=\/wp\/v2\/posts\/8070\/revisions\/8073"}],"wp:featuredmedia":[{"embeddable":true,"href":"https:\/\/2horizontes.com\/index.php?rest_route=\/wp\/v2\/media\/8071"}],"wp:attachment":[{"href":"https:\/\/2horizontes.com\/index.php?rest_route=%2Fwp%2Fv2%2Fmedia&parent=8070"}],"wp:term":[{"taxonomy":"category","embeddable":true,"href":"https:\/\/2horizontes.com\/index.php?rest_route=%2Fwp%2Fv2%2Fcategories&post=8070"},{"taxonomy":"post_tag","embeddable":true,"href":"https:\/\/2horizontes.com\/index.php?rest_route=%2Fwp%2Fv2%2Ftags&post=8070"}],"curies":[{"name":"wp","href":"https:\/\/api.w.org\/{rel}","templated":true}]}}