{"id":8028,"date":"2015-05-19T21:41:38","date_gmt":"2015-05-19T20:41:38","guid":{"rendered":"http:\/\/2horizontes.com\/?p=8028"},"modified":"2015-05-19T23:02:14","modified_gmt":"2015-05-19T22:02:14","slug":"nino-haitiano-salio-rumbo-a-su-pais-esta-desaparecido","status":"publish","type":"post","link":"https:\/\/2horizontes.com\/?p=8028","title":{"rendered":"NI\u00d1O HAITIANO SALIO RUMBO A SU PA\u00cdS ESTA DESAPARECIDO"},"content":{"rendered":"<p><span lang=\"ES-TRAD\">REPUBLICA DOMINICANA-JARABACOA.- <\/span><span lang=\"ES-TRAD\">Un familia haitiana residente en la comunidad de Hatillo, en este municipio, report\u00f3 la desaparici\u00f3n de su hijo Joniel Adri\u00e9n, de 12 a\u00f1os de edad, quien viv\u00eda en La Vega con un familiar.<\/span><\/p>\n<p><span lang=\"ES-TRAD\">La se\u00f1ora Chuspeta Sendl\u00fa expres\u00f3 que su sobrina, con quien viv\u00eda el menor, le dijo que \u00e9ste \u201csali\u00f3 decidido a irse con un supuesto amigo patanista de nacionalidad dominicana hacia la ciudad de Dajabon, de donde cruzar\u00eda a Hait\u00ed\u201d.<\/span><\/p>\n<p><span lang=\"ES-TRAD\">\u201cEl ni\u00f1o lleva ya mas de 12 d\u00edas desaparecido, estamos preocupados y hasta el d\u00eda de hoy no sabemos nada de \u00e9l\u201d, expres\u00f3 la madre preocupada.<\/span><\/p>\n<p><span lang=\"ES-TRAD\">El padre, Louis Adri\u00e9n, envi\u00f3 un mensaje de video en los idiomas \u201ccastellano\u201d y \u201ccreole haitiano\u201d destinado a solicitar informaci\u00f3n sobre el paradero del ni\u00f1o.<\/span><\/p>\n<p><span lang=\"ES-TRAD\">La humilde familia ofreci\u00f3 los siguientes n\u00fameros de tel\u00e9fonos:\u00a0<a>(809) 949-4346<\/a>, <a>(829)701-5718<\/a> y el <a>(829) 677-5697<\/a> a los cuales se les puede contactar para darle cualquier informaci\u00f3n del paradero de su hijo.<\/span><\/p>\n","protected":false},"excerpt":{"rendered":"<p>REPUBLICA DOMINICANA-JARABACOA.- Un familia haitiana residente en la comunidad de Hatillo, en este municipio, report\u00f3 la desaparici\u00f3n de su hijo Joniel Adri\u00e9n, de 12 a\u00f1os de edad, quien viv\u00eda en La Vega con un familiar. La se\u00f1ora Chuspeta Sendl\u00fa expres\u00f3 que su sobrina, con quien viv\u00eda el menor, le dijo que \u00e9ste \u201csali\u00f3 decidido a [&hellip;]<\/p>\n","protected":false},"author":8,"featured_media":8029,"comment_status":"open","ping_status":"open","sticky":false,"template":"","format":"standard","meta":{"footnotes":""},"categories":[47,44],"tags":[],"class_list":["post-8028","post","type-post","status-publish","format-standard","has-post-thumbnail","hentry","category-haiti","category-republica-dominicana"],"_links":{"self":[{"href":"https:\/\/2horizontes.com\/index.php?rest_route=\/wp\/v2\/posts\/8028","targetHints":{"allow":["GET"]}}],"collection":[{"href":"https:\/\/2horizontes.com\/index.php?rest_route=\/wp\/v2\/posts"}],"about":[{"href":"https:\/\/2horizontes.com\/index.php?rest_route=\/wp\/v2\/types\/post"}],"author":[{"embeddable":true,"href":"https:\/\/2horizontes.com\/index.php?rest_route=\/wp\/v2\/users\/8"}],"replies":[{"embeddable":true,"href":"https:\/\/2horizontes.com\/index.php?rest_route=%2Fwp%2Fv2%2Fcomments&post=8028"}],"version-history":[{"count":1,"href":"https:\/\/2horizontes.com\/index.php?rest_route=\/wp\/v2\/posts\/8028\/revisions"}],"predecessor-version":[{"id":8030,"href":"https:\/\/2horizontes.com\/index.php?rest_route=\/wp\/v2\/posts\/8028\/revisions\/8030"}],"wp:featuredmedia":[{"embeddable":true,"href":"https:\/\/2horizontes.com\/index.php?rest_route=\/wp\/v2\/media\/8029"}],"wp:attachment":[{"href":"https:\/\/2horizontes.com\/index.php?rest_route=%2Fwp%2Fv2%2Fmedia&parent=8028"}],"wp:term":[{"taxonomy":"category","embeddable":true,"href":"https:\/\/2horizontes.com\/index.php?rest_route=%2Fwp%2Fv2%2Fcategories&post=8028"},{"taxonomy":"post_tag","embeddable":true,"href":"https:\/\/2horizontes.com\/index.php?rest_route=%2Fwp%2Fv2%2Ftags&post=8028"}],"curies":[{"name":"wp","href":"https:\/\/api.w.org\/{rel}","templated":true}]}}