{"id":7959,"date":"2015-05-19T18:19:04","date_gmt":"2015-05-19T17:19:04","guid":{"rendered":"http:\/\/2horizontes.com\/?p=7959"},"modified":"2015-05-19T18:20:11","modified_gmt":"2015-05-19T17:20:11","slug":"un-muerto-y-14-heridos-en-accidente-marginal-las-americas","status":"publish","type":"post","link":"https:\/\/2horizontes.com\/?p=7959","title":{"rendered":"UN MUERTO Y 14 HERIDOS EN ACCIDENTE  MARGINAL  LAS AMERICAS"},"content":{"rendered":"<div class=\"art_body\">\n<div id=\"ArticleBody\">\n<p>REPUBLICA DOMIICANA- SANTODOMINGO- Un hombre muri\u00f3 y otras 14 personas resultaron heridas la medianoche de ayer, al colisionar una jeepeta con un minib\u00fas de pasajeros a la altura del kil\u00f3metro 18 de la Marginal de la Autopista Las Am\u00e9ricas, en direcci\u00f3n oeste-este.<\/p>\n<p>La Autoridad Metropolitana de Transporte (AMET) inform\u00f3 que Haikens Santiago Hiches muri\u00f3 a consecuencia de golpes y heridas que recibi\u00f3 al chocar de frente el minib\u00fas que conduc\u00eda, marca Toyota, gris, con la jeepeta Mitsubishi, negra, placa G175261, que conduc\u00eda Alex Montero, quien result\u00f3 lesionado.<\/p>\n<p>En la colisi\u00f3n, registrada alrededor de las 11:40 de la noche, result\u00f3 herida adem\u00e1s Roneiri Romero Encarnaci\u00f3n, quien acompa\u00f1aba a Montero en la jeepeta accidentada.<\/p>\n<p>Mientras que los nombres de las dem\u00e1s personas heridas a\u00fan no han sido precisados, debido a que fueron trasladados a distintos centros de salud.<\/p>\n<p>La AMET dijo que en las pr\u00f3ximas horas se ofrecer\u00e1n mayores detalles, conforme avance la investigacion.<\/p>\n<p>Los nombres de los heridos aun no han sido revelados, debido a que fueron trasladados a diferentes centros de salud.<\/p>\n<\/div>\n<\/div>\n","protected":false},"excerpt":{"rendered":"<p>REPUBLICA DOMIICANA- SANTODOMINGO- Un hombre muri\u00f3 y otras 14 personas resultaron heridas la medianoche de ayer, al colisionar una jeepeta con un minib\u00fas de pasajeros a la altura del kil\u00f3metro 18 de la Marginal de la Autopista Las Am\u00e9ricas, en direcci\u00f3n oeste-este. La Autoridad Metropolitana de Transporte (AMET) inform\u00f3 que Haikens Santiago Hiches muri\u00f3 a [&hellip;]<\/p>\n","protected":false},"author":8,"featured_media":6506,"comment_status":"open","ping_status":"open","sticky":false,"template":"","format":"standard","meta":{"footnotes":""},"categories":[44],"tags":[],"class_list":["post-7959","post","type-post","status-publish","format-standard","has-post-thumbnail","hentry","category-republica-dominicana"],"_links":{"self":[{"href":"https:\/\/2horizontes.com\/index.php?rest_route=\/wp\/v2\/posts\/7959","targetHints":{"allow":["GET"]}}],"collection":[{"href":"https:\/\/2horizontes.com\/index.php?rest_route=\/wp\/v2\/posts"}],"about":[{"href":"https:\/\/2horizontes.com\/index.php?rest_route=\/wp\/v2\/types\/post"}],"author":[{"embeddable":true,"href":"https:\/\/2horizontes.com\/index.php?rest_route=\/wp\/v2\/users\/8"}],"replies":[{"embeddable":true,"href":"https:\/\/2horizontes.com\/index.php?rest_route=%2Fwp%2Fv2%2Fcomments&post=7959"}],"version-history":[{"count":1,"href":"https:\/\/2horizontes.com\/index.php?rest_route=\/wp\/v2\/posts\/7959\/revisions"}],"predecessor-version":[{"id":7968,"href":"https:\/\/2horizontes.com\/index.php?rest_route=\/wp\/v2\/posts\/7959\/revisions\/7968"}],"wp:featuredmedia":[{"embeddable":true,"href":"https:\/\/2horizontes.com\/index.php?rest_route=\/wp\/v2\/media\/6506"}],"wp:attachment":[{"href":"https:\/\/2horizontes.com\/index.php?rest_route=%2Fwp%2Fv2%2Fmedia&parent=7959"}],"wp:term":[{"taxonomy":"category","embeddable":true,"href":"https:\/\/2horizontes.com\/index.php?rest_route=%2Fwp%2Fv2%2Fcategories&post=7959"},{"taxonomy":"post_tag","embeddable":true,"href":"https:\/\/2horizontes.com\/index.php?rest_route=%2Fwp%2Fv2%2Ftags&post=7959"}],"curies":[{"name":"wp","href":"https:\/\/api.w.org\/{rel}","templated":true}]}}