{"id":794,"date":"2014-05-04T14:38:58","date_gmt":"2014-05-04T14:38:58","guid":{"rendered":"http:\/\/2horizontes.com\/?p=794"},"modified":"2014-05-04T14:38:58","modified_gmt":"2014-05-04T14:38:58","slug":"elecciones-presidenciales-hoy-en-panama","status":"publish","type":"post","link":"https:\/\/2horizontes.com\/?p=794","title":{"rendered":"Elecciones  presidenciales Hoy en Panam\u00e1"},"content":{"rendered":"<p style=\"color: #000000;\"><a href=\"http:\/\/2horizontes.com\/wp-content\/uploads\/2014\/05\/pana.jpg\"><img loading=\"lazy\" decoding=\"async\" class=\"alignleft size-medium wp-image-795\" src=\"http:\/\/2horizontes.com\/wp-content\/uploads\/2014\/05\/pana-300x199.jpg\" alt=\"pana\" width=\"300\" height=\"199\" srcset=\"https:\/\/2horizontes.com\/wp-content\/uploads\/2014\/05\/pana-300x199.jpg 300w, https:\/\/2horizontes.com\/wp-content\/uploads\/2014\/05\/pana-510x338.jpg 510w, https:\/\/2horizontes.com\/wp-content\/uploads\/2014\/05\/pana-624x414.jpg 624w, https:\/\/2horizontes.com\/wp-content\/uploads\/2014\/05\/pana.jpg 800w\" sizes=\"auto, (max-width: 300px) 100vw, 300px\" \/><\/a><\/p>\n<p style=\"color: #000000;\">PANAMA\u00a0(PL).- \u00a0Siete candidatos est\u00e1n en pugna desde el a\u00f1o pasado por la presidencia de Panam\u00e1, la cual se decidir\u00e1\u00a0este domingo\u00a0en los que ya se consideran las elecciones generales m\u00e1s re\u00f1idas de toda la historia del pa\u00eds.<\/p>\n<p style=\"color: #000000;\">Los contendientes son Jos\u00e9 Domingo Arias, del oficialista Cambio Democr\u00e1tico (CD), en coalici\u00f3n con el Molirena; Juan Carlos Navarro, del Partido Revolucionario Democr\u00e1tico (PRD); y Juan Carlos Varela, del Partido Paname\u00f1ista, en alianza con el Popular.<\/p>\n<p style=\"color: #000000;\">Tambi\u00e9n est\u00e1n Genaro L\u00f3pez, del Frente Amplio por la Democracia (FAD); y los de libre postulaci\u00f3n, Juan Jovan\u00e9, Esteban Rodr\u00edguez y Genaro Barroso.<\/p>\n<p style=\"color: #000000;\">Arias es quien tiene menos experiencia entre los tres candidatos principales, pero es el objetivo a derrotar como representante del oficialismo, por el millonario apoyo que le ha dado el presidente Ricardo Martinelli y el respaldo que significa tomar como bandera las megaobras ejecutadas por el gobierno.<\/p>\n<p style=\"color: #000000;\">CD cuenta con poco m\u00e1s de medio mill\u00f3n de afiliados, de un universo de dos millones 416 mil 860, y con su eslogan de La Fuerza de lo Nuevo pretende sobrepasar el 40 por ciento de votos v\u00e1lidos emitidos, la cifra m\u00e1gica que han dado las encuestadoras para que un candidato pueda ganar.<\/p>\n<p style=\"color: #000000;\">Navarro, por su parte, tuvo que enfrentar una lucha interna que debilit\u00f3 mucho al PRD, pero finalmente superada lo cual le permiti\u00f3 llegar a esta etapa de la campa\u00f1a con un partido unido y todas sus estructuras listas para enfrentar el reto que significa CD y sus inagotables finanzas.<\/p>\n<p style=\"color: #000000;\">Con un curso irregular en las encuestas, y siempre de segundo detr\u00e1s de Arias, en los \u00faltimos d\u00edas de campa\u00f1a gan\u00f3 fuerzas y puso a temblar al oficialismo con buenas explicaciones de su programa de gobierno y puntos muy espec\u00edficos sobre intereses que ata\u00f1en a toda la sociedad.<\/p>\n<p style=\"color: #000000;\">A \u00faltima hora consigui\u00f3 el apoyo de un sector social muy poderoso que antes le era adverso agrupado en el Movimiento Nueva Rep\u00fablica, y que le sumar\u00e1 muchos votos de los indecisos e incluso de los que se cambiaron a CD por motivos econ\u00f3micos.<\/p>\n<p style=\"color: #000000;\">Entretanto Varela, a\u00fan vicepresidente del pa\u00eds, ha tenido que zafarse de ese viento que le ha estado soplando en contra durante toda su campa\u00f1a a fin de distanciarse del gobierno de Martinelli, del cual fue parte m\u00e1s de un a\u00f1o.<\/p>\n<p style=\"color: #000000;\">Su campa\u00f1a ha hecho mella en la de Arias pues pudo demostrar que muchos de los logros de Martinelli que le serv\u00edan de respaldo a su campa\u00f1a, fueron ideas impulsadas y concretadas por Varela, en especial el pago de 100 d\u00f3lares extra a los jubilados y la beca universal, entre otros.<\/p>\n<p style=\"color: #000000;\">Como Navarro, ha recibido el respaldo de otro sector poderoso que se identifica como los independientes que pueden mover una importante cantidad de votos de indecisos.<\/p>\n<p style=\"color: #000000;\">L\u00f3pez es candidato por primera vez y su partido FAD, de nueva creaci\u00f3n, tambi\u00e9n se estrena en una elecci\u00f3n general. Su programa de gobierno tiene un fuerte componente laboral, en especial del sector de la Construcci\u00f3n de donde proviene, y de la Salud por el presidente del FAD Fernando Cebamanos, m\u00e9dico gremialista.<\/p>\n<p style=\"color: #000000;\">Jovan\u00e9, un brillante economista, catedr\u00e1tico y analista, es el candidato de discurso m\u00e1s inteligente, realista y un\u00e1nimemente reconocido as\u00ed, pero sin estructura, absolutamente solo, y \u00fanico independiente real de los tres que aspiran.<\/p>\n<p style=\"color: #000000;\">Los otros dos, Barroso y Rodr\u00edguez, son tildados de una invenci\u00f3n de Martinelli para confundir, provocar y capturar algunos votos sueltos, pero esto \u00faltimo no parece que vaya a ocurrir porque la gente los rechaza a ambos y nunca aparecieron en las encuestas.<\/p>\n<p style=\"color: #000000;\">jt\/am<\/p>\n","protected":false},"excerpt":{"rendered":"<p>PANAMA\u00a0(PL).- \u00a0Siete candidatos est\u00e1n en pugna desde el a\u00f1o pasado por la presidencia de Panam\u00e1, la cual se decidir\u00e1\u00a0este domingo\u00a0en los que ya se consideran las elecciones generales m\u00e1s re\u00f1idas de toda la historia del pa\u00eds. Los contendientes son Jos\u00e9 Domingo Arias, del oficialista Cambio Democr\u00e1tico (CD), en coalici\u00f3n con el Molirena; Juan Carlos Navarro, [&hellip;]<\/p>\n","protected":false},"author":1,"featured_media":0,"comment_status":"open","ping_status":"open","sticky":false,"template":"","format":"standard","meta":{"footnotes":""},"categories":[1],"tags":[],"class_list":["post-794","post","type-post","status-publish","format-standard","hentry","category-entretenimiento"],"_links":{"self":[{"href":"https:\/\/2horizontes.com\/index.php?rest_route=\/wp\/v2\/posts\/794","targetHints":{"allow":["GET"]}}],"collection":[{"href":"https:\/\/2horizontes.com\/index.php?rest_route=\/wp\/v2\/posts"}],"about":[{"href":"https:\/\/2horizontes.com\/index.php?rest_route=\/wp\/v2\/types\/post"}],"author":[{"embeddable":true,"href":"https:\/\/2horizontes.com\/index.php?rest_route=\/wp\/v2\/users\/1"}],"replies":[{"embeddable":true,"href":"https:\/\/2horizontes.com\/index.php?rest_route=%2Fwp%2Fv2%2Fcomments&post=794"}],"version-history":[{"count":1,"href":"https:\/\/2horizontes.com\/index.php?rest_route=\/wp\/v2\/posts\/794\/revisions"}],"predecessor-version":[{"id":796,"href":"https:\/\/2horizontes.com\/index.php?rest_route=\/wp\/v2\/posts\/794\/revisions\/796"}],"wp:attachment":[{"href":"https:\/\/2horizontes.com\/index.php?rest_route=%2Fwp%2Fv2%2Fmedia&parent=794"}],"wp:term":[{"taxonomy":"category","embeddable":true,"href":"https:\/\/2horizontes.com\/index.php?rest_route=%2Fwp%2Fv2%2Fcategories&post=794"},{"taxonomy":"post_tag","embeddable":true,"href":"https:\/\/2horizontes.com\/index.php?rest_route=%2Fwp%2Fv2%2Ftags&post=794"}],"curies":[{"name":"wp","href":"https:\/\/api.w.org\/{rel}","templated":true}]}}