{"id":7890,"date":"2015-05-19T14:00:02","date_gmt":"2015-05-19T13:00:02","guid":{"rendered":"http:\/\/2horizontes.com\/?p=7890"},"modified":"2015-05-19T14:00:02","modified_gmt":"2015-05-19T13:00:02","slug":"el-primer-ministro-de-china-llega-a-brasilia","status":"publish","type":"post","link":"https:\/\/2horizontes.com\/?p=7890","title":{"rendered":"El primer ministro de China llega a Brasilia"},"content":{"rendered":"<div id=\"ArticleAuthorDiv\" class=\"article-body-author\"><b>AFP<\/b><\/div>\n<div id=\"ArticleSourceDiv\" class=\"article-body-author\"><b>Brasilia<\/b><\/div>\n<div id=\"ArticleBody\">\n<p>El primer ministro chino, Li Keqiang, aterriz\u00f3 ayer lunes en Brasilia para una visita oficial que conlleva la promesa de invertir 50,000 millones de d\u00f3lares en nuevos proyectos, una potencial bocanada de ox\u00edgeno para la estancada econom\u00eda brasile\u00f1a.<\/p>\n<p>Li se reunir\u00e1 con la presidenta de Brasil, Dilma Rousseff, hoy martes 19, d\u00eda en que partir\u00e1 a Rio de Janeiro para repasar algunas iniciativas del pa\u00eds asi\u00e1tico en la ciudad sede de los Juegos Ol\u00edmpicos 2016.<\/p>\n<p>Ma\u00f1ana viajar\u00e1 a Colombia, en una gira que tambi\u00e9n incluir\u00e1 Chile y Per\u00fa. La segunda generaci\u00f3n de inversiones chinas en Brasil, tras la inicial en materias primas, se concentrar\u00e1 en la industria pesada y en obras de infraestructura, explic\u00f3 recientemente el subsecretario general de pol\u00edtica de la canciller\u00eda brasile\u00f1a, Jos\u00e9 Gra\u00c1a Lima.<\/p>\n<p><b>Aviones Embraer<\/b><br \/>\nAdem\u00e1s de buscar concretar la compra de un primer segmento de 22 aviones Embraer, parte de una operaci\u00f3n ya acordada de 60 aeronaves, y la reapertura del mercado del pa\u00eds asi\u00e1tico a la carne bovina brasile\u00f1a, la lista de negocios a abordar incluye autopartes, transporte, energ\u00eda, puertos, hidroel\u00e9ctricas y ferrov\u00edas.<\/p>\n<p>En carpeta estar\u00e1 tambi\u00e9n el desarrollo de un corredor \u201cferro-oce\u00e1nico\u201d que permita sacar exportaciones brasile\u00f1as a China por el Pac\u00edfico, un proyecto monumental que atravesar\u00e1 parte de la Amazonia, un aspecto espinoso y sensible de la iniciativa que tambi\u00e9n prev\u00e9 extenderse hasta Per\u00fa.<\/p>\n<\/div>\n","protected":false},"excerpt":{"rendered":"<p>AFP Brasilia El primer ministro chino, Li Keqiang, aterriz\u00f3 ayer lunes en Brasilia para una visita oficial que conlleva la promesa de invertir 50,000 millones de d\u00f3lares en nuevos proyectos, una potencial bocanada de ox\u00edgeno para la estancada econom\u00eda brasile\u00f1a. Li se reunir\u00e1 con la presidenta de Brasil, Dilma Rousseff, hoy martes 19, d\u00eda en [&hellip;]<\/p>\n","protected":false},"author":7,"featured_media":7891,"comment_status":"open","ping_status":"open","sticky":false,"template":"","format":"standard","meta":{"footnotes":""},"categories":[40],"tags":[],"class_list":["post-7890","post","type-post","status-publish","format-standard","has-post-thumbnail","hentry","category-internacionales"],"_links":{"self":[{"href":"https:\/\/2horizontes.com\/index.php?rest_route=\/wp\/v2\/posts\/7890","targetHints":{"allow":["GET"]}}],"collection":[{"href":"https:\/\/2horizontes.com\/index.php?rest_route=\/wp\/v2\/posts"}],"about":[{"href":"https:\/\/2horizontes.com\/index.php?rest_route=\/wp\/v2\/types\/post"}],"author":[{"embeddable":true,"href":"https:\/\/2horizontes.com\/index.php?rest_route=\/wp\/v2\/users\/7"}],"replies":[{"embeddable":true,"href":"https:\/\/2horizontes.com\/index.php?rest_route=%2Fwp%2Fv2%2Fcomments&post=7890"}],"version-history":[{"count":1,"href":"https:\/\/2horizontes.com\/index.php?rest_route=\/wp\/v2\/posts\/7890\/revisions"}],"predecessor-version":[{"id":7892,"href":"https:\/\/2horizontes.com\/index.php?rest_route=\/wp\/v2\/posts\/7890\/revisions\/7892"}],"wp:featuredmedia":[{"embeddable":true,"href":"https:\/\/2horizontes.com\/index.php?rest_route=\/wp\/v2\/media\/7891"}],"wp:attachment":[{"href":"https:\/\/2horizontes.com\/index.php?rest_route=%2Fwp%2Fv2%2Fmedia&parent=7890"}],"wp:term":[{"taxonomy":"category","embeddable":true,"href":"https:\/\/2horizontes.com\/index.php?rest_route=%2Fwp%2Fv2%2Fcategories&post=7890"},{"taxonomy":"post_tag","embeddable":true,"href":"https:\/\/2horizontes.com\/index.php?rest_route=%2Fwp%2Fv2%2Ftags&post=7890"}],"curies":[{"name":"wp","href":"https:\/\/api.w.org\/{rel}","templated":true}]}}