{"id":7886,"date":"2015-05-19T13:47:23","date_gmt":"2015-05-19T12:47:23","guid":{"rendered":"http:\/\/2horizontes.com\/?p=7886"},"modified":"2015-05-19T13:47:23","modified_gmt":"2015-05-19T12:47:23","slug":"ff-aa-la-capacitacion-en-haiti-es-el-mejor-entrenamiento-al-que-podemos-optar","status":"publish","type":"post","link":"https:\/\/2horizontes.com\/?p=7886","title":{"rendered":"FF.AA.: \u00abLa capacitaci\u00f3n en Hait\u00ed es el mejor entrenamiento al que podemos optar\u00bb"},"content":{"rendered":"<p>En abril, en paralelo al asesinato del sargento Rodrigo Sanhueza, 70 efectivos de la compa\u00f1\u00eda de ingenieros de las Fuerzas Armadas de Chile -encargados de realizar labores de reconstrucci\u00f3n- regresaron al pa\u00eds, luego de dar por cumplida la labor de misi\u00f3n de paz en Hait\u00ed.<\/p>\n<p>El deceso del militar chileno origin\u00f3 una serie de cuestionamientos sobre la continuidad de las tropas en la isla, arribadas tras el golpe de Estado del a\u00f1o 2004. No obstante, lejos de disminuir contingente (407 chilenos), \u00a0el jefe de Estado Mayor Conjunto (EMC), almirante Jos\u00e9 Miguel Romero, \u00a0ya prepara a otros 79 funcionarios de las tres ramas de las Fuerzas Armadas y efectivos policiales, para fortalecer el \u201cBatall\u00f3n Chile\u201d, que re\u00fane militares de Chile, Honduras y El Salvador.<\/p>\n<p>Si el martes el Senado visa el martes el oficio de la Presidenta Michelle Bachelet que prorroga por un a\u00f1o la permanencia del pa\u00eds en esa misi\u00f3n de paz, el nuevo escuadr\u00f3n de seguridad podr\u00eda embarcar el 18 de junio.<\/p>\n<p>\u201cVa a ver un aumento m\u00ednimo de contingente, el que servir\u00e1 para reforzar la jurisdicci\u00f3n que el pa\u00eds tiene en el norte de Hait\u00ed. El nuevo mandato insta a mantener la seguridad para preservar condiciones \u00f3ptimas para el desarrollo de un gobierno democr\u00e1tico en Hait\u00ed\u201d, dijo el almirante.<\/p>\n<p><strong>Experiencia<\/strong><\/p>\n<p>Sobre la solicitud del retiro, el jefe del EMC, manifest\u00f3 que \u201cla capacitaci\u00f3n en Hait\u00ed es el mejor entrenamiento al que podemos optar, porque se trata de ambientes hostiles, donde las tropas se desarrollan de forma conjunta y combinada con otros pa\u00edses, lo que nos permite operar en cualquier escenario del mundo\u201d.<\/p>\n<p>En esa l\u00ednea, Romero precis\u00f3 que parte importante del material militar volver\u00e1 al pa\u00eds, como dos helic\u00f3pteros Bell 412, de transporte de pasajeros, que est\u00e1n desde el a\u00f1o 2004 en esa misi\u00f3n. Adem\u00e1s, se reorganiz\u00f3 la distribuci\u00f3n de los recursos de operaciones de paz, lo que ha significado un ahorro de cerca de dos millones de d\u00f3lares para Chile.<\/p>\n<p><strong>Conflicto pol\u00edtico<\/strong><\/p>\n<p>La nueva resoluci\u00f3n de la Organizaci\u00f3n de Naciones Unidas (ONU), con respecto a la colaboraci\u00f3n en Hait\u00ed, plantea una estrategia de salida del contingente internacional, que podr\u00eda ejecutarse en abril de 2016.<\/p>\n<p>Ello, por la debatida agenda democr\u00e1tica incumplida en la isla, que lleva dos elecciones parlamentarias sin ejecutarse, raz\u00f3n que llev\u00f3 al entonces Presidente de Uruguay, Jos\u00e9 Mujica, anunci\u00f3 a fines del a\u00f1o pasado el retiro de 605 militares de la isla.<\/p>\n<p>El presidente de la comisi\u00f3n de Relaciones Exteriores del Senado, Francisco Chahu\u00e1n (RN), expres\u00f3 que \u201cqueremos que se analice en seis meses el cronograma electoral, para evitar que la permanencia de tropas sirvan de pretexto al gobierno haitiano y vuelvan a postergar las elecciones legislativas, como lo ha hecho dos veces. Hay que fijar un umbral de tiempo para el retiro programado de las tropas\u201d.<\/p>\n<p>Discrepancia sobre el actuar individual de Chile, en la Misi\u00f3n de Estabilizaci\u00f3n de las Naciones Unidas en Hait\u00ed (Minustah), manifest\u00f3 el senador Ricardo Lagos Weber (PPD), quien acot\u00f3 no tener problemas con el retiro programado, \u201csiempre y cuando sea coordinado con otros pa\u00edses con presencia en Hait\u00ed. Chile cumple un rol importante a nivel internacional, por lo que las decisiones no son unilaterales. La participaci\u00f3n de Chile en misiones de paz, nos legitima para levantar la voz y exigir reglas internacionales claras, en este plano y otros\u201d.<\/p>\n<p>F. La Tercera.<\/p>\n","protected":false},"excerpt":{"rendered":"<p>En abril, en paralelo al asesinato del sargento Rodrigo Sanhueza, 70 efectivos de la compa\u00f1\u00eda de ingenieros de las Fuerzas Armadas de Chile -encargados de realizar labores de reconstrucci\u00f3n- regresaron al pa\u00eds, luego de dar por cumplida la labor de misi\u00f3n de paz en Hait\u00ed. El deceso del militar chileno origin\u00f3 una serie de cuestionamientos [&hellip;]<\/p>\n","protected":false},"author":7,"featured_media":7887,"comment_status":"open","ping_status":"open","sticky":false,"template":"","format":"standard","meta":{"footnotes":""},"categories":[47,40],"tags":[],"class_list":["post-7886","post","type-post","status-publish","format-standard","has-post-thumbnail","hentry","category-haiti","category-internacionales"],"_links":{"self":[{"href":"https:\/\/2horizontes.com\/index.php?rest_route=\/wp\/v2\/posts\/7886","targetHints":{"allow":["GET"]}}],"collection":[{"href":"https:\/\/2horizontes.com\/index.php?rest_route=\/wp\/v2\/posts"}],"about":[{"href":"https:\/\/2horizontes.com\/index.php?rest_route=\/wp\/v2\/types\/post"}],"author":[{"embeddable":true,"href":"https:\/\/2horizontes.com\/index.php?rest_route=\/wp\/v2\/users\/7"}],"replies":[{"embeddable":true,"href":"https:\/\/2horizontes.com\/index.php?rest_route=%2Fwp%2Fv2%2Fcomments&post=7886"}],"version-history":[{"count":1,"href":"https:\/\/2horizontes.com\/index.php?rest_route=\/wp\/v2\/posts\/7886\/revisions"}],"predecessor-version":[{"id":7889,"href":"https:\/\/2horizontes.com\/index.php?rest_route=\/wp\/v2\/posts\/7886\/revisions\/7889"}],"wp:featuredmedia":[{"embeddable":true,"href":"https:\/\/2horizontes.com\/index.php?rest_route=\/wp\/v2\/media\/7887"}],"wp:attachment":[{"href":"https:\/\/2horizontes.com\/index.php?rest_route=%2Fwp%2Fv2%2Fmedia&parent=7886"}],"wp:term":[{"taxonomy":"category","embeddable":true,"href":"https:\/\/2horizontes.com\/index.php?rest_route=%2Fwp%2Fv2%2Fcategories&post=7886"},{"taxonomy":"post_tag","embeddable":true,"href":"https:\/\/2horizontes.com\/index.php?rest_route=%2Fwp%2Fv2%2Ftags&post=7886"}],"curies":[{"name":"wp","href":"https:\/\/api.w.org\/{rel}","templated":true}]}}