{"id":7880,"date":"2015-05-19T13:23:31","date_gmt":"2015-05-19T12:23:31","guid":{"rendered":"http:\/\/2horizontes.com\/?p=7880"},"modified":"2015-05-19T13:23:31","modified_gmt":"2015-05-19T12:23:31","slug":"aumentan-a-61-la-cifra-de-muertos-por-avalancha-en-noroeste-de-colombia","status":"publish","type":"post","link":"https:\/\/2horizontes.com\/?p=7880","title":{"rendered":"Aumentan a 61 la cifra de muertos por avalancha en noroeste de Colombia"},"content":{"rendered":"<div id=\"ArticleAuthorDiv\" class=\"article-body-author\"><b>EFE<\/b><\/div>\n<div id=\"ArticleSourceDiv\" class=\"article-body-author\"><b>Bogot\u00e1<\/b><\/div>\n<div id=\"ArticleBody\">\n<p>El n\u00famero de muertos por la avalancha que se registr\u00f3 ayer en el municipio de Salgar (noroeste de Colombia), lleg\u00f3 a 61, mientras los damnificados son 333, seg\u00fan cifras divulgadas por la Unidad Nacional para la Gesti\u00f3n del Riesgo de Desastres (UNGRD).<\/p>\n<p>El organismo cita como fuente al Departamento Administrativo de Prevenci\u00f3n, Atenci\u00f3n y Recuperaci\u00f3n de Desastres (Dapard) de Antioquia, departamento donde est\u00e1 situado Salgar, un municipio de unos 18.000 habitantes, para se\u00f1alar que \u00abse registran 61 personas fallecidas\u00bb.<\/p>\n<p>Seg\u00fan un comunicado de la UNGRD, los cad\u00e1veres est\u00e1n siendo trasladados a Medicina Legal en Medell\u00edn, la capital de Antioquia, en donde se llevar\u00e1 a cabo el proceso de identificaci\u00f3n.<\/p>\n<p>La tragedia ocurri\u00f3 en la madrugada de este lunes por el desbordamiento de la quebrada Liboriana a causa de las lluvias, lo que ocasion\u00f3 una avalancha que pr\u00e1cticamente arras\u00f3 el corregimiento de Las Margaritas y afect\u00f3 tres barrios del per\u00edmetro urbano de Salgar.<\/p>\n<p>A medida que pasan las horas la cifra de v\u00edctimas mortales aumenta por el hallazgo de cad\u00e1veres de personas que estaban desaparecidas, mientras que el n\u00famero de heridos se mantiene en 37, la mayor\u00eda de los cuales no reviste gravedad.<\/p>\n<p>Seg\u00fan el reporte oficial de afectaci\u00f3n, entre los damnificados hay 116 menores de edad que junto con los adultos est\u00e1n siendo ubicados en albergues temporales.<\/p>\n<p>El presidente de Colombia, Juan Manuel Santos, declar\u00f3 hoy la \u00abcalamidad p\u00fablica\u00bb en Salgar, y anunci\u00f3 un paquete de ayudas para la reconstrucci\u00f3n de viviendas, subsidios de arrendamiento y otros apoyos de urgencia para los damnificados.<\/p>\n<\/div>\n","protected":false},"excerpt":{"rendered":"<p>EFE Bogot\u00e1 El n\u00famero de muertos por la avalancha que se registr\u00f3 ayer en el municipio de Salgar (noroeste de Colombia), lleg\u00f3 a 61, mientras los damnificados son 333, seg\u00fan cifras divulgadas por la Unidad Nacional para la Gesti\u00f3n del Riesgo de Desastres (UNGRD). El organismo cita como fuente al Departamento Administrativo de Prevenci\u00f3n, Atenci\u00f3n [&hellip;]<\/p>\n","protected":false},"author":7,"featured_media":7884,"comment_status":"open","ping_status":"open","sticky":false,"template":"","format":"standard","meta":{"footnotes":""},"categories":[50,40],"tags":[],"class_list":["post-7880","post","type-post","status-publish","format-standard","has-post-thumbnail","hentry","category-colombia","category-internacionales"],"_links":{"self":[{"href":"https:\/\/2horizontes.com\/index.php?rest_route=\/wp\/v2\/posts\/7880","targetHints":{"allow":["GET"]}}],"collection":[{"href":"https:\/\/2horizontes.com\/index.php?rest_route=\/wp\/v2\/posts"}],"about":[{"href":"https:\/\/2horizontes.com\/index.php?rest_route=\/wp\/v2\/types\/post"}],"author":[{"embeddable":true,"href":"https:\/\/2horizontes.com\/index.php?rest_route=\/wp\/v2\/users\/7"}],"replies":[{"embeddable":true,"href":"https:\/\/2horizontes.com\/index.php?rest_route=%2Fwp%2Fv2%2Fcomments&post=7880"}],"version-history":[{"count":1,"href":"https:\/\/2horizontes.com\/index.php?rest_route=\/wp\/v2\/posts\/7880\/revisions"}],"predecessor-version":[{"id":7885,"href":"https:\/\/2horizontes.com\/index.php?rest_route=\/wp\/v2\/posts\/7880\/revisions\/7885"}],"wp:featuredmedia":[{"embeddable":true,"href":"https:\/\/2horizontes.com\/index.php?rest_route=\/wp\/v2\/media\/7884"}],"wp:attachment":[{"href":"https:\/\/2horizontes.com\/index.php?rest_route=%2Fwp%2Fv2%2Fmedia&parent=7880"}],"wp:term":[{"taxonomy":"category","embeddable":true,"href":"https:\/\/2horizontes.com\/index.php?rest_route=%2Fwp%2Fv2%2Fcategories&post=7880"},{"taxonomy":"post_tag","embeddable":true,"href":"https:\/\/2horizontes.com\/index.php?rest_route=%2Fwp%2Fv2%2Ftags&post=7880"}],"curies":[{"name":"wp","href":"https:\/\/api.w.org\/{rel}","templated":true}]}}