{"id":7874,"date":"2015-05-19T13:13:37","date_gmt":"2015-05-19T12:13:37","guid":{"rendered":"http:\/\/2horizontes.com\/?p=7874"},"modified":"2015-05-19T13:13:37","modified_gmt":"2015-05-19T12:13:37","slug":"cuba-dice-que-hay-contexto-apropiado-para-avanzar-en-el-deshielo-con-ee-uu","status":"publish","type":"post","link":"https:\/\/2horizontes.com\/?p=7874","title":{"rendered":"Cuba dice que hay \u00abcontexto apropiado\u00bb para avanzar en el deshielo con EE.UU."},"content":{"rendered":"<div id=\"ArticleAuthorDiv\" class=\"article-body-author\"><b>EFE<\/b><\/div>\n<div id=\"ArticleSourceDiv\" class=\"article-body-author\"><b>La Habana<\/b><\/div>\n<div id=\"ArticleBody\">\n<p>Un funcionario de la Canciller\u00eda cubana afirm\u00f3 ayer que hay un \u00abcontexto bilateral y regional apropiado\u00bb para avanzar en el restablecimiento de las relaciones con EE.UU. y la apertura de embajadas, asuntos que abordar\u00e1n en la pr\u00f3xima ronda de negociaciones, en Washington el pr\u00f3ximo jueves 21 de mayo.<\/p>\n<p>Ese contexto adecuado se debe a la \u00abjusta decisi\u00f3n\u00bb del presidente Barack Obama de sacar a Cuba de la lista de pa\u00edses patrocinadores del terrorismo, que se har\u00e1 efectiva el 29 de mayo, y a los progresos para que la Secci\u00f3n de Intereses de Cuba en EE.UU recupere los servicios bancarios, afirm\u00f3 hoy en una nota oficial en subdirector para EE.UU de la Canciller\u00eda, Gustavo Mach\u00edn.<\/p>\n<p>Estas han sido las principales exigencias del Gobierno cubano para avanzar en el deshielo con Estados Unidos, desde que ambos pa\u00edses anunciar\u00e1n el pasado 17 de diciembre el restablecimiento de sus v\u00ednculos diplom\u00e1ticos, rotos desde 1961.<\/p>\n<p>El funcionario subray\u00f3 que \u00abtodo est\u00e1 listo\u00bb para la nueva ronda de conversaciones entre Cuba y Estados Unidos, en la que las delegaciones \u00abdeben intercambiar sobre aspectos relativos a las relaciones diplom\u00e1ticas y al comportamiento de sus funcionarios en ambas capitales\u00bb, asuntos que ya han abordado en encuentros anteriores.<\/p>\n<p>Las partes mantienen todav\u00eda algunas discrepancias en esta cuesti\u00f3n, ya que Estados Unidos exige para sus diplom\u00e1ticos una libertad de movimientos semejante a la que tienen en Rusia, China o Vietnam; mientras que Cuba quiere garant\u00edas de que no aprovechar\u00e1n esa situaci\u00f3n para establecer contactos con disidentes.<\/p>\n<p>Como en rondas anteriores, la delegaci\u00f3n cubana estar\u00e1 encabezada por la directora general de Estados Unidos de la Canciller\u00eda, Josefina Vidal, mientras que por la parte norteamericana lo har\u00e1 Secretaria de Estado adjunta para Latinoam\u00e9rica, Roberta Jacobson.<\/p>\n<p>Seg\u00fan Mach\u00edn, el encuentro de esta semana \u00abdar\u00e1 continuidad\u00bb a las reuniones previas, efectuadas el 22 de enero en La Habana y el 27 de febrero en Washington, y el 16 de marzo de nuevo en la capital cubana.<\/p>\n<p>Cuba insistir\u00e1 en la necesidad de respetar los principios del derecho internacional, refrendados en la Carta de las Naciones Unidas y en las Convenciones de Viena, sobre las relaciones diplom\u00e1ticas y consulares, dijo Mach\u00edn.<\/p>\n<p>\u00abEstas deben ser la base de los v\u00ednculos bilaterales y del funcionamiento de las respectivas misiones\u00bb, subray\u00f3.<\/p>\n<\/div>\n","protected":false},"excerpt":{"rendered":"<p>EFE La Habana Un funcionario de la Canciller\u00eda cubana afirm\u00f3 ayer que hay un \u00abcontexto bilateral y regional apropiado\u00bb para avanzar en el restablecimiento de las relaciones con EE.UU. y la apertura de embajadas, asuntos que abordar\u00e1n en la pr\u00f3xima ronda de negociaciones, en Washington el pr\u00f3ximo jueves 21 de mayo. Ese contexto adecuado se [&hellip;]<\/p>\n","protected":false},"author":7,"featured_media":7875,"comment_status":"open","ping_status":"open","sticky":false,"template":"","format":"standard","meta":{"footnotes":""},"categories":[49,40],"tags":[],"class_list":["post-7874","post","type-post","status-publish","format-standard","has-post-thumbnail","hentry","category-cuba","category-internacionales"],"_links":{"self":[{"href":"https:\/\/2horizontes.com\/index.php?rest_route=\/wp\/v2\/posts\/7874","targetHints":{"allow":["GET"]}}],"collection":[{"href":"https:\/\/2horizontes.com\/index.php?rest_route=\/wp\/v2\/posts"}],"about":[{"href":"https:\/\/2horizontes.com\/index.php?rest_route=\/wp\/v2\/types\/post"}],"author":[{"embeddable":true,"href":"https:\/\/2horizontes.com\/index.php?rest_route=\/wp\/v2\/users\/7"}],"replies":[{"embeddable":true,"href":"https:\/\/2horizontes.com\/index.php?rest_route=%2Fwp%2Fv2%2Fcomments&post=7874"}],"version-history":[{"count":1,"href":"https:\/\/2horizontes.com\/index.php?rest_route=\/wp\/v2\/posts\/7874\/revisions"}],"predecessor-version":[{"id":7877,"href":"https:\/\/2horizontes.com\/index.php?rest_route=\/wp\/v2\/posts\/7874\/revisions\/7877"}],"wp:featuredmedia":[{"embeddable":true,"href":"https:\/\/2horizontes.com\/index.php?rest_route=\/wp\/v2\/media\/7875"}],"wp:attachment":[{"href":"https:\/\/2horizontes.com\/index.php?rest_route=%2Fwp%2Fv2%2Fmedia&parent=7874"}],"wp:term":[{"taxonomy":"category","embeddable":true,"href":"https:\/\/2horizontes.com\/index.php?rest_route=%2Fwp%2Fv2%2Fcategories&post=7874"},{"taxonomy":"post_tag","embeddable":true,"href":"https:\/\/2horizontes.com\/index.php?rest_route=%2Fwp%2Fv2%2Ftags&post=7874"}],"curies":[{"name":"wp","href":"https:\/\/api.w.org\/{rel}","templated":true}]}}