{"id":7756,"date":"2015-05-19T00:22:46","date_gmt":"2015-05-18T23:22:46","guid":{"rendered":"http:\/\/2horizontes.com\/?p=7756"},"modified":"2015-05-19T00:22:46","modified_gmt":"2015-05-18T23:22:46","slug":"autobus-de-caribe-tours-mata-dos-personas-en-valverde","status":"publish","type":"post","link":"https:\/\/2horizontes.com\/?p=7756","title":{"rendered":"Autobus de Caribe Tours mata dos personas en Valverde"},"content":{"rendered":"<p><strong>PEPUBLICA DOMINICANA-ESPERANZA VALVERDE-<\/strong>\u00a0Dos personas fallecieron cuando la motocicleta en que se transportaban fue embestida por un autob\u00fas de la empresa Caribe Tours, en la comunidad del Kil\u00f3metro 7 del distrito municipal \u00a0Jicom\u00e9, de este municipio.<\/p>\n<p>Maribel Mercedes Garc\u00eda D\u00edaz, de 33 a\u00f1os ; y Jos\u00e9 Celestino Garc\u00eda C\u00e9spedes, de 38, quienes resid\u00edan en la comunidad Seiba de Bon\u00e9 en el municipio de Villa Los Alm\u00e1cigos, expiraron en el mismo lugar del accidente, debido a politraumatismos diversos y fracturas m\u00faltiples que sufrieron.<\/p>\n<p>Seg\u00fan el parte policial, las victimas mortales viajaban a bordo de la motocicleta marca X1000 CG 150, color negro, conducida por el segundo, la cual fue impactada por un autob\u00fas de la compa\u00f1\u00eda Caribe Tours, conducido por \u00a0Melvin Moronta Mercedes, de 33 a\u00f1os de edad, residente en Santo Domingo.<\/p>\n<p>El accidente de tr\u00e1nsito se origin\u00f3 en la carretera Esperanza-Navarrete, a la altura del Kil\u00f3metro 7 del distrito municipal Jicom\u00e9, y se inform\u00f3 que el caso fue apoderado por la Asistencia<\/p>\n<p>FUENTE &#8211; EL CARIBE<\/p>\n","protected":false},"excerpt":{"rendered":"<p>PEPUBLICA DOMINICANA-ESPERANZA VALVERDE-\u00a0Dos personas fallecieron cuando la motocicleta en que se transportaban fue embestida por un autob\u00fas de la empresa Caribe Tours, en la comunidad del Kil\u00f3metro 7 del distrito municipal \u00a0Jicom\u00e9, de este municipio. Maribel Mercedes Garc\u00eda D\u00edaz, de 33 a\u00f1os ; y Jos\u00e9 Celestino Garc\u00eda C\u00e9spedes, de 38, quienes resid\u00edan en la comunidad [&hellip;]<\/p>\n","protected":false},"author":8,"featured_media":7757,"comment_status":"open","ping_status":"open","sticky":false,"template":"","format":"standard","meta":{"footnotes":""},"categories":[53],"tags":[],"class_list":["post-7756","post","type-post","status-publish","format-standard","has-post-thumbnail","hentry","category-provincias"],"_links":{"self":[{"href":"https:\/\/2horizontes.com\/index.php?rest_route=\/wp\/v2\/posts\/7756","targetHints":{"allow":["GET"]}}],"collection":[{"href":"https:\/\/2horizontes.com\/index.php?rest_route=\/wp\/v2\/posts"}],"about":[{"href":"https:\/\/2horizontes.com\/index.php?rest_route=\/wp\/v2\/types\/post"}],"author":[{"embeddable":true,"href":"https:\/\/2horizontes.com\/index.php?rest_route=\/wp\/v2\/users\/8"}],"replies":[{"embeddable":true,"href":"https:\/\/2horizontes.com\/index.php?rest_route=%2Fwp%2Fv2%2Fcomments&post=7756"}],"version-history":[{"count":1,"href":"https:\/\/2horizontes.com\/index.php?rest_route=\/wp\/v2\/posts\/7756\/revisions"}],"predecessor-version":[{"id":7758,"href":"https:\/\/2horizontes.com\/index.php?rest_route=\/wp\/v2\/posts\/7756\/revisions\/7758"}],"wp:featuredmedia":[{"embeddable":true,"href":"https:\/\/2horizontes.com\/index.php?rest_route=\/wp\/v2\/media\/7757"}],"wp:attachment":[{"href":"https:\/\/2horizontes.com\/index.php?rest_route=%2Fwp%2Fv2%2Fmedia&parent=7756"}],"wp:term":[{"taxonomy":"category","embeddable":true,"href":"https:\/\/2horizontes.com\/index.php?rest_route=%2Fwp%2Fv2%2Fcategories&post=7756"},{"taxonomy":"post_tag","embeddable":true,"href":"https:\/\/2horizontes.com\/index.php?rest_route=%2Fwp%2Fv2%2Ftags&post=7756"}],"curies":[{"name":"wp","href":"https:\/\/api.w.org\/{rel}","templated":true}]}}