{"id":7742,"date":"2015-05-18T21:34:09","date_gmt":"2015-05-18T20:34:09","guid":{"rendered":"http:\/\/2horizontes.com\/?p=7742"},"modified":"2015-05-18T21:34:09","modified_gmt":"2015-05-18T20:34:09","slug":"belen-esteban-sobre-miguel-no-hay-relacion-vivo-el-dia-a-dia","status":"publish","type":"post","link":"https:\/\/2horizontes.com\/?p=7742","title":{"rendered":"Bel\u00e9n Esteban, sobre Miguel: \u201cNo hay relaci\u00f3n, vivo el d\u00eda a d\u00eda"},"content":{"rendered":"<p class=\"mce\"><strong class=\"mce\">\u201cNo estoy con Miguel pero tenemos relaciones\u201d,<\/strong> dice Bel\u00e9n Esteban en su entrevista. Asegura que Miguel \u201cmerece la pena\u201d, explica que se arrepiente \u201cmucho\u201d de haberla traicionado y dice: <strong class=\"mce\">\u201cYo s\u00e9 que me quiere, y yo a \u00e9l, pero ahora no puede ser\u201d.<\/strong><\/p>\n<p class=\"mce\">Desde plat\u00f3, la colaboradora de &#8216;S\u00e1lvame&#8217;reiteraba que aunque se ven no tiene \u201cuna relaci\u00f3n de noviazgo\u201d y a\u00f1ad\u00eda: <strong class=\"mce\">\u201cNo estoy con \u00e9l, vivo el d\u00eda a d\u00eda y nos vemos de vez en cuando, pero no hay relaci\u00f3n\u201d.<\/strong> Cada uno hace su vida por separado y dec\u00eda entre risas: \u201cAhora es cuando m\u00e1s estoy ligando en mi vida, me he visto a\u00f1os fea, y ahora me veo guap\u00edsima\u201d. Por ello, no dudaba y hac\u00eda un llamamiento: <strong class=\"mce\">\u201cEste cuerpo tiene mucho que recibir y sobre todo mucho que dar,<\/strong> ya est\u00e1\u201d.<\/p>\n<p class=\"mce\"><strong class=\"mce\">Bel\u00e9n y Rosa son las que m\u00e1s me han decepcionado\u00bb<\/strong><\/p>\n<p class=\"mce\">Tanto Rosa Benito como Raquel Bollo tienen un lugar destacado en la entrevista concedida por Bel\u00e9n Esteban:<strong class=\"mce\"> \u201cMe ha dolido mucho, est\u00e1 obsesionada con que habl\u00e9 de su hijo\u201d,<\/strong> dec\u00eda de Raquel. Aseguraba que tras su paso por \u2018Gran Hermano VIP\u2019 se ha dado cuenta de qui\u00e9n est\u00e1 a su lado y de qui\u00e9n no y aclaraba por qu\u00e9 est\u00e1 m\u00e1s ofendida con sus amigas: \u201cQuiero a unos m\u00e1s que a otros y<strong class=\"mce\"> a Rosa y Raquel las quiero, por eso me duele m\u00e1s\u201d, <\/strong>dec\u00eda Bel\u00e9n Esteban.<\/p>\n<p class=\"mce\">Raquel Bollo, presente en plat\u00f3, se defend\u00eda. Asegura que si no apoy\u00f3 a Bel\u00e9n fue porque su silencio era su mejor defensa y le reprochaba:<strong class=\"mce\"> \u201cPues como amiga te ped\u00ed algo que no has cumplido, lo que hice fue callarme\u201d.<\/strong><\/p>\n","protected":false},"excerpt":{"rendered":"<p>\u201cNo estoy con Miguel pero tenemos relaciones\u201d, dice Bel\u00e9n Esteban en su entrevista. Asegura que Miguel \u201cmerece la pena\u201d, explica que se arrepiente \u201cmucho\u201d de haberla traicionado y dice: \u201cYo s\u00e9 que me quiere, y yo a \u00e9l, pero ahora no puede ser\u201d. Desde plat\u00f3, la colaboradora de &#8216;S\u00e1lvame&#8217;reiteraba que aunque se ven no tiene [&hellip;]<\/p>\n","protected":false},"author":3,"featured_media":7744,"comment_status":"open","ping_status":"open","sticky":false,"template":"","format":"standard","meta":{"footnotes":""},"categories":[1],"tags":[],"class_list":["post-7742","post","type-post","status-publish","format-standard","has-post-thumbnail","hentry","category-entretenimiento"],"_links":{"self":[{"href":"https:\/\/2horizontes.com\/index.php?rest_route=\/wp\/v2\/posts\/7742","targetHints":{"allow":["GET"]}}],"collection":[{"href":"https:\/\/2horizontes.com\/index.php?rest_route=\/wp\/v2\/posts"}],"about":[{"href":"https:\/\/2horizontes.com\/index.php?rest_route=\/wp\/v2\/types\/post"}],"author":[{"embeddable":true,"href":"https:\/\/2horizontes.com\/index.php?rest_route=\/wp\/v2\/users\/3"}],"replies":[{"embeddable":true,"href":"https:\/\/2horizontes.com\/index.php?rest_route=%2Fwp%2Fv2%2Fcomments&post=7742"}],"version-history":[{"count":1,"href":"https:\/\/2horizontes.com\/index.php?rest_route=\/wp\/v2\/posts\/7742\/revisions"}],"predecessor-version":[{"id":7745,"href":"https:\/\/2horizontes.com\/index.php?rest_route=\/wp\/v2\/posts\/7742\/revisions\/7745"}],"wp:featuredmedia":[{"embeddable":true,"href":"https:\/\/2horizontes.com\/index.php?rest_route=\/wp\/v2\/media\/7744"}],"wp:attachment":[{"href":"https:\/\/2horizontes.com\/index.php?rest_route=%2Fwp%2Fv2%2Fmedia&parent=7742"}],"wp:term":[{"taxonomy":"category","embeddable":true,"href":"https:\/\/2horizontes.com\/index.php?rest_route=%2Fwp%2Fv2%2Fcategories&post=7742"},{"taxonomy":"post_tag","embeddable":true,"href":"https:\/\/2horizontes.com\/index.php?rest_route=%2Fwp%2Fv2%2Ftags&post=7742"}],"curies":[{"name":"wp","href":"https:\/\/api.w.org\/{rel}","templated":true}]}}