{"id":7652,"date":"2015-05-18T13:35:39","date_gmt":"2015-05-18T12:35:39","guid":{"rendered":"http:\/\/2horizontes.com\/?p=7652"},"modified":"2015-05-18T13:35:39","modified_gmt":"2015-05-18T12:35:39","slug":"empresa-descartan-una-falla-en-sub-estacion-itabo-gas","status":"publish","type":"post","link":"https:\/\/2horizontes.com\/?p=7652","title":{"rendered":"Empresa descartan una falla en sub estacion Itabo gas"},"content":{"rendered":"<p>SANTO DOMINGO- La Empresa Generadora de Electricidad Itabo descart\u00f3 ayer que una falla ocurrida en la subestaci\u00f3n Itabo Gas fuera la causa que provoco el apag\u00f3n total en el pa\u00eds el s\u00e1bado pasado y asegur\u00f3 que sus labores de mantenimientos est\u00e1n adecuadamente programadas.<\/p>\n<p>Con esta declaraci\u00f3n, la empresa sale al frente a una declaraci\u00f3n emitida ayer por el presidente de la Corporaci\u00f3n Dominicana de Empresas El\u00e9ctricas Estatales (CDEEE), Rub\u00e9n Jim\u00e9nez Bichara, quien inform\u00f3 que fue una explosi\u00f3n en un aislador en la subestaci\u00f3n de Ege Itabo la responsable del colapso pleno del servicio.<\/p>\n<p>\u201cUn evento indeseable como las fallas de aisladores no debe llevar a un colapso total del SENI, si\u00a0 las coordinaciones de protecciones -de los generadores, de las l\u00edneas de transmisi\u00f3n, y del deslastre de carga de las distribuidoras- funcionan de manera adecuada\u00a0 las mismas deben aislar autom\u00e1ticamente las fallas y mantener la estabilidad del SENI\u201d, sostuvo la empresa a trav\u00e9s de un comunicado.<\/p>\n<p>La empresa Itabo sugiri\u00f3 esperar la conclusi\u00f3n de las investigaciones del comit\u00e9 de An\u00e1lisis de Falla que realiza el Organismo Coordinador, para identificar todas las causas del evento\u00a0 ocurrido y sumarse a la soluci\u00f3n en conjunto con todas las instituciones envueltas en el mismo para evitar su recurrencia, ya que las informaciones e investigaciones que se tienen hasta el momento son preliminares.<\/p>\n<p><b>CDEEE<\/b><br \/>\nEl apag\u00f3n general ocurrido entre la noche del s\u00e1bado y la madrugada del domingo, por m\u00e1s de cuatro horas, se debi\u00f3 a la explosi\u00f3n y posterior incendio de un aislador en la subestaci\u00f3n de la Empresa Generadora de Electricidad Itabo (EGE-Itabo), ocasionando la salida en cadena de Itabo I y II y las dem\u00e1s plantas del sistema el\u00e9ctrico nacional.<\/p>\n<p>La informaci\u00f3n la ofreci\u00f3 ayer, cerca de la 1:00 de la tarde, el vicepresidente ejecutivo de la Corporaci\u00f3n Dominicana de Empresas El\u00e9ctricas Estatales (CDEEE), Rub\u00e9n Jim\u00e9nez Bichara, quien explic\u00f3 que el equipo que fall\u00f3 carece de protecci\u00f3n de barra activada, por lo que reconoci\u00f3 que estas \u201cson de las cosas que tenemos que tratar de mejorar\u201d.<\/p>\n<p>Bichara detall\u00f3 que el incidente se produjo a las 10:03 de la noche del s\u00e1bado y que a la 1:23 del domingo las unidades comenzaron a entrar en funcionamiento gradualmente, puesto que \u201ct\u00e9cnicamente\u201d se necesitan tres o cuatro horas para reiniciar una planta de generaci\u00f3n el\u00e9ctrica. Por ello asegur\u00f3 que ya para las cuatro o cinco de la ma\u00f1ana el sistema se hab\u00eda rehabilitado casi en su totalidad.<\/p>\n<p>Seg\u00fan indic\u00f3, para el mediod\u00eda de ayer el sistema estaba restablecido y se estaba sirviendo alrededor del 84% de la demanda general del servicio. Destac\u00f3 que esto se logr\u00f3 gracias a la intervenci\u00f3n inmediata de los t\u00e9cnicos de la CDEEE. Detall\u00f3 que, en ese momento, de los 560 circuitos del sistema, 537 estaban en funcionamiento, para un abastecimiento de la demanda de 93% en la zona Norte; 86% en el Sur y 80.1% en el Este.<\/p>\n","protected":false},"excerpt":{"rendered":"<p>SANTO DOMINGO- La Empresa Generadora de Electricidad Itabo descart\u00f3 ayer que una falla ocurrida en la subestaci\u00f3n Itabo Gas fuera la causa que provoco el apag\u00f3n total en el pa\u00eds el s\u00e1bado pasado y asegur\u00f3 que sus labores de mantenimientos est\u00e1n adecuadamente programadas. Con esta declaraci\u00f3n, la empresa sale al frente a una declaraci\u00f3n emitida [&hellip;]<\/p>\n","protected":false},"author":8,"featured_media":7653,"comment_status":"open","ping_status":"open","sticky":false,"template":"","format":"standard","meta":{"footnotes":""},"categories":[44],"tags":[],"class_list":["post-7652","post","type-post","status-publish","format-standard","has-post-thumbnail","hentry","category-republica-dominicana"],"_links":{"self":[{"href":"https:\/\/2horizontes.com\/index.php?rest_route=\/wp\/v2\/posts\/7652","targetHints":{"allow":["GET"]}}],"collection":[{"href":"https:\/\/2horizontes.com\/index.php?rest_route=\/wp\/v2\/posts"}],"about":[{"href":"https:\/\/2horizontes.com\/index.php?rest_route=\/wp\/v2\/types\/post"}],"author":[{"embeddable":true,"href":"https:\/\/2horizontes.com\/index.php?rest_route=\/wp\/v2\/users\/8"}],"replies":[{"embeddable":true,"href":"https:\/\/2horizontes.com\/index.php?rest_route=%2Fwp%2Fv2%2Fcomments&post=7652"}],"version-history":[{"count":1,"href":"https:\/\/2horizontes.com\/index.php?rest_route=\/wp\/v2\/posts\/7652\/revisions"}],"predecessor-version":[{"id":7654,"href":"https:\/\/2horizontes.com\/index.php?rest_route=\/wp\/v2\/posts\/7652\/revisions\/7654"}],"wp:featuredmedia":[{"embeddable":true,"href":"https:\/\/2horizontes.com\/index.php?rest_route=\/wp\/v2\/media\/7653"}],"wp:attachment":[{"href":"https:\/\/2horizontes.com\/index.php?rest_route=%2Fwp%2Fv2%2Fmedia&parent=7652"}],"wp:term":[{"taxonomy":"category","embeddable":true,"href":"https:\/\/2horizontes.com\/index.php?rest_route=%2Fwp%2Fv2%2Fcategories&post=7652"},{"taxonomy":"post_tag","embeddable":true,"href":"https:\/\/2horizontes.com\/index.php?rest_route=%2Fwp%2Fv2%2Ftags&post=7652"}],"curies":[{"name":"wp","href":"https:\/\/api.w.org\/{rel}","templated":true}]}}