{"id":7634,"date":"2015-05-18T12:29:05","date_gmt":"2015-05-18T11:29:05","guid":{"rendered":"http:\/\/2horizontes.com\/?p=7634"},"modified":"2015-05-18T12:30:23","modified_gmt":"2015-05-18T11:30:23","slug":"salma-hayek-se-robo-las-miradas-con-su-escote","status":"publish","type":"post","link":"https:\/\/2horizontes.com\/?p=7634","title":{"rendered":"Salma Hayek se rob\u00f3 las miradas con su escote"},"content":{"rendered":"<p>La actriz mexicana Salma Hayek \u201cincendi\u00f3\u201d la alfombra roja del 68 Festival de Cannes, al lucir un escote \u201cvertiginoso\u201d, resaltaron medios franceses.<br \/>\n\u201cSalma Hayek caus\u00f3 sensaci\u00f3n al atreverse con un escote vertiginoso\u201d, coment\u00f3 en su web la revista social Voici sobre el vestido que luci\u00f3 la mexicana, quien desfil\u00f3 por la alfombra de Cannes para asistir a la proyecci\u00f3n de una pel\u00edcula.<\/p>\n<p>\u201cLa Palma de esta noche fue sin duda para Salma Hayek. Su vestido fucsia muy, muy escotado, caus\u00f3 sensaci\u00f3n. La Croisette est\u00e1 todav\u00eda completamente at\u00f3nita\u201d, destac\u00f3 Ouest France, uno de los diarios de mayor audiencia de Francia.<\/p>\n<p>&nbsp;<\/p>\n<p>Salma desfil\u00f3 del brazo de su marido, el empresario franc\u00e9s Fran\u00e7ois-Henri Pinault, con un vestido color violeta de gran escote, peinada con cabellos ligeramente ondulados, los labios pintados de rosa y un bolso plateado.<br \/>\nLa actriz, que asisti\u00f3 al estreno de la pel\u00edcula estadunidense Carol, fue muy solicitada por los fot\u00f3grafos durante su paso por la alfombra roja que termina en lo alto de 24 escalones del Palacio de Festivales de Cannes.<br \/>\n\u201cSalma Hayek se hizo notar como Charlotte Casiraghi por su feminidad y elegancia.<\/p>\n<p>&nbsp;<\/p>\n<p>La actriz y realizadora prendi\u00f3 a la alfombra roja al lado de su marido, el hombre de negocios Fran\u00e7ois-Henri Pinault\u201d coment\u00f3 la web especializada Public.<\/p>\n<p>&nbsp;<\/p>\n","protected":false},"excerpt":{"rendered":"<p>La actriz mexicana Salma Hayek \u201cincendi\u00f3\u201d la alfombra roja del 68 Festival de Cannes, al lucir un escote \u201cvertiginoso\u201d, resaltaron medios franceses. \u201cSalma Hayek caus\u00f3 sensaci\u00f3n al atreverse con un escote vertiginoso\u201d, coment\u00f3 en su web la revista social Voici sobre el vestido que luci\u00f3 la mexicana, quien desfil\u00f3 por la alfombra de Cannes para [&hellip;]<\/p>\n","protected":false},"author":3,"featured_media":7636,"comment_status":"open","ping_status":"open","sticky":false,"template":"","format":"standard","meta":{"footnotes":""},"categories":[1],"tags":[],"class_list":["post-7634","post","type-post","status-publish","format-standard","has-post-thumbnail","hentry","category-entretenimiento"],"_links":{"self":[{"href":"https:\/\/2horizontes.com\/index.php?rest_route=\/wp\/v2\/posts\/7634","targetHints":{"allow":["GET"]}}],"collection":[{"href":"https:\/\/2horizontes.com\/index.php?rest_route=\/wp\/v2\/posts"}],"about":[{"href":"https:\/\/2horizontes.com\/index.php?rest_route=\/wp\/v2\/types\/post"}],"author":[{"embeddable":true,"href":"https:\/\/2horizontes.com\/index.php?rest_route=\/wp\/v2\/users\/3"}],"replies":[{"embeddable":true,"href":"https:\/\/2horizontes.com\/index.php?rest_route=%2Fwp%2Fv2%2Fcomments&post=7634"}],"version-history":[{"count":3,"href":"https:\/\/2horizontes.com\/index.php?rest_route=\/wp\/v2\/posts\/7634\/revisions"}],"predecessor-version":[{"id":7638,"href":"https:\/\/2horizontes.com\/index.php?rest_route=\/wp\/v2\/posts\/7634\/revisions\/7638"}],"wp:featuredmedia":[{"embeddable":true,"href":"https:\/\/2horizontes.com\/index.php?rest_route=\/wp\/v2\/media\/7636"}],"wp:attachment":[{"href":"https:\/\/2horizontes.com\/index.php?rest_route=%2Fwp%2Fv2%2Fmedia&parent=7634"}],"wp:term":[{"taxonomy":"category","embeddable":true,"href":"https:\/\/2horizontes.com\/index.php?rest_route=%2Fwp%2Fv2%2Fcategories&post=7634"},{"taxonomy":"post_tag","embeddable":true,"href":"https:\/\/2horizontes.com\/index.php?rest_route=%2Fwp%2Fv2%2Ftags&post=7634"}],"curies":[{"name":"wp","href":"https:\/\/api.w.org\/{rel}","templated":true}]}}