{"id":76209,"date":"2026-04-27T19:29:57","date_gmt":"2026-04-27T18:29:57","guid":{"rendered":"https:\/\/2horizontes.com\/?p=76209"},"modified":"2026-04-27T19:30:50","modified_gmt":"2026-04-27T18:30:50","slug":"lf-ve-necesaria-una-revolucion-del-conocimiento-en-rep-dom","status":"publish","type":"post","link":"https:\/\/2horizontes.com\/?p=76209","title":{"rendered":"LF ve necesaria una revoluci\u00f3n del conocimiento en Rep. Dom."},"content":{"rendered":"\n<p>Santo Domingo.\u2013 El presidente del partido Fuerza del Pueblo (FP), Leonel Fern\u00e1ndez, considero necesaria &nbsp;una transformaci\u00f3n de la Universidad Aut\u00f3noma de Santo Domingo (UASD), basada en la expansi\u00f3n global del conocimiento.<\/p>\n\n\n\n<p>El expresidente de la Rep\u00fablica habl\u00f3 al encabezar un encuentro con universitarios de la FP, &nbsp;realizado en el Pabell\u00f3n de la Fama del Deporte Dominicano, en el Centro Ol\u00edmpico Juan Pablo Duarte. Participaron docentes, estudiantes y personal administrativo de la UASD y universidades privadas.<\/p>\n\n\n\n<p><strong>CAMBIO DE PARADIGMA&nbsp;<\/strong><\/p>\n\n\n\n<p>Fern\u00e1ndez expuso su visi\u00f3n sobre el futuro de la educaci\u00f3n superior en el pa\u00eds, se\u00f1alando que el siglo XXI exige un cambio de paradigma en la formaci\u00f3n de los futuros profesionales, basado la ense\u00f1anza-aprendizaje.<\/p>\n\n\n\n<p>\u201cLa revoluci\u00f3n de la universidad en este siglo es la revoluci\u00f3n del conocimiento, y a eso aspiramos: a que la UASD, junto a otras entidades de educaci\u00f3n superior, lidere esa transformaci\u00f3n\u201d, indic\u00f3.<\/p>\n\n\n\n<p>Sostuvo que a partir de 2028 \u00e9l impulsar\u00eda &nbsp;un nuevo ciclo hist\u00f3rico orientado a convertir a la Rep\u00fablica Dominicana en una sociedad y econom\u00eda del conocimiento, apoyada en centros acad\u00e9micos y de investigaci\u00f3n s\u00f3lidos.<\/p>\n\n\n\n<p>\u201cQuisiera ver una UASD con un campus virtual que abarque toda Am\u00e9rica Latina, que se conecte con Europa y el mundo asi\u00e1tico, con presencia universal a trav\u00e9s de la tecnolog\u00eda\u201d, dijo.<\/p>\n\n\n\n<p><strong>REITERA OPOSICI\u00d3N A FUSI\u00d3N DE MINISTERIOS<\/strong><\/p>\n\n\n\n<p>A nosotros en la Fuerza del Pueblo, jam\u00e1s se nos ocurrir\u00eda, ni siquiera pensar que se pueda fusionar el Ministerio de Educaci\u00f3n Superior, Ciencia y Tecnolog\u00eda con el Ministerio de Educaci\u00f3n\u201d, expres\u00f3 Fern\u00e1ndez, provocando la ovaci\u00f3n de los presentes.<\/p>\n\n\n<div class=\"wp-block-image\">\n<figure class=\"alignleft\"><img decoding=\"async\" src=\"https:\/\/almomento.net\/wp-content\/uploads\/2026\/04\/0e5b3fcc-ba63-4e66-b7ea-fcab3abd7b3a-300x238.jpeg\" alt=\"\" class=\"wp-image-1115318\"\/><\/figure><\/div>\n\n\n<p>El exmandatario advirti\u00f3 que una decisi\u00f3n de esa naturaleza refleja un desconocimiento del sistema educativo y podr\u00eda agravar las debilidades existentes.<\/p>\n\n\n\n<p>Cuestion\u00f3 la gesti\u00f3n del actual gobierno del Partido Revolucionario Moderno (PRM) y se\u00f1al\u00f3 que \u201csi &nbsp;hemos tenido un fracaso total, absoluto, radical con el Ministerio de Educaci\u00f3n, \u00bfc\u00f3mo vamos a contagiar ahora la educaci\u00f3n superior?\u201d.<\/p>\n\n\n\n<p><strong>IMPORTANCIA DE FORTALECER SECTOR ACAD\u00c9MICO<\/strong><\/p>\n\n\n\n<p>El encuentro fue organizado por la Secretar\u00eda de Educaci\u00f3n Superior de la Fuerza del Pueblo, cuya titular, la maestra Ligia Amada Melo, destac\u00f3 la importancia de estructurar y fortalecer el sector acad\u00e9mico como base para el desarrollo del pa\u00eds.<\/p>\n\n\n\n<p>Participaron candidatos a puestos electivos de la UASD.<\/p>\n\n\n\n<p>sp-am<\/p>\n","protected":false},"excerpt":{"rendered":"<p>Santo Domingo.\u2013 El presidente del partido Fuerza del Pueblo (FP), Leonel Fern\u00e1ndez, considero necesaria &nbsp;una transformaci\u00f3n de la Universidad Aut\u00f3noma de Santo Domingo (UASD), basada en la expansi\u00f3n global del conocimiento. El expresidente de la Rep\u00fablica habl\u00f3 al encabezar un encuentro con universitarios de la FP, &nbsp;realizado en el Pabell\u00f3n de la Fama del Deporte [&hellip;]<\/p>\n","protected":false},"author":1,"featured_media":76211,"comment_status":"open","ping_status":"open","sticky":false,"template":"","format":"standard","meta":{"footnotes":""},"categories":[43,83,44],"tags":[],"class_list":["post-76209","post","type-post","status-publish","format-standard","has-post-thumbnail","hentry","category-politica","category-reportajes","category-republica-dominicana"],"_links":{"self":[{"href":"https:\/\/2horizontes.com\/index.php?rest_route=\/wp\/v2\/posts\/76209","targetHints":{"allow":["GET"]}}],"collection":[{"href":"https:\/\/2horizontes.com\/index.php?rest_route=\/wp\/v2\/posts"}],"about":[{"href":"https:\/\/2horizontes.com\/index.php?rest_route=\/wp\/v2\/types\/post"}],"author":[{"embeddable":true,"href":"https:\/\/2horizontes.com\/index.php?rest_route=\/wp\/v2\/users\/1"}],"replies":[{"embeddable":true,"href":"https:\/\/2horizontes.com\/index.php?rest_route=%2Fwp%2Fv2%2Fcomments&post=76209"}],"version-history":[{"count":1,"href":"https:\/\/2horizontes.com\/index.php?rest_route=\/wp\/v2\/posts\/76209\/revisions"}],"predecessor-version":[{"id":76212,"href":"https:\/\/2horizontes.com\/index.php?rest_route=\/wp\/v2\/posts\/76209\/revisions\/76212"}],"wp:featuredmedia":[{"embeddable":true,"href":"https:\/\/2horizontes.com\/index.php?rest_route=\/wp\/v2\/media\/76211"}],"wp:attachment":[{"href":"https:\/\/2horizontes.com\/index.php?rest_route=%2Fwp%2Fv2%2Fmedia&parent=76209"}],"wp:term":[{"taxonomy":"category","embeddable":true,"href":"https:\/\/2horizontes.com\/index.php?rest_route=%2Fwp%2Fv2%2Fcategories&post=76209"},{"taxonomy":"post_tag","embeddable":true,"href":"https:\/\/2horizontes.com\/index.php?rest_route=%2Fwp%2Fv2%2Ftags&post=76209"}],"curies":[{"name":"wp","href":"https:\/\/api.w.org\/{rel}","templated":true}]}}