{"id":76197,"date":"2026-04-27T18:00:13","date_gmt":"2026-04-27T17:00:13","guid":{"rendered":"https:\/\/2horizontes.com\/?p=76197"},"modified":"2026-04-27T18:00:17","modified_gmt":"2026-04-27T17:00:17","slug":"dos-escoltas-del-presidente-heridos-en-accidente-puerto-plata","status":"publish","type":"post","link":"https:\/\/2horizontes.com\/?p=76197","title":{"rendered":"Dos escoltas del Presidente heridos en accidente Puerto Plata"},"content":{"rendered":"\n<p>PUERTO PLATA, Rep\u00fablica Dominicana.- Dos miembros de la escolta del presidente Luis Abinader y un civil resultaron heridos la ma\u00f1ana de este lunes en un accidente en la carretera Maim\u00f3n\u2013Puerto Plata.<\/p>\n\n\n\n<p>El Cuerpo de Seguridad Presidencial (CUSEP) inform\u00f3 que la closi\u00f3n ocurri\u00f3 a las 8:56 de la ma\u00f1ana mientras personal de la avanzada presidencial se trasladaba hacia una actividad oficial en Puerto Plata.<\/p>\n\n\n\n<p>Dijo que los heridos fueron trasladados a los centros de salud m\u00e1s cercanos, donde reciben atenciones m\u00e9dicas.<\/p>\n\n\n\n<p>Explic\u00f3 que el presidente Abinader no se desplazaba en la caravana al momento del incidente.<\/p>\n","protected":false},"excerpt":{"rendered":"<p>PUERTO PLATA, Rep\u00fablica Dominicana.- Dos miembros de la escolta del presidente Luis Abinader y un civil resultaron heridos la ma\u00f1ana de este lunes en un accidente en la carretera Maim\u00f3n\u2013Puerto Plata. El Cuerpo de Seguridad Presidencial (CUSEP) inform\u00f3 que la closi\u00f3n ocurri\u00f3 a las 8:56 de la ma\u00f1ana mientras personal de la avanzada presidencial se [&hellip;]<\/p>\n","protected":false},"author":1,"featured_media":76198,"comment_status":"open","ping_status":"open","sticky":false,"template":"","format":"standard","meta":{"footnotes":""},"categories":[53,44],"tags":[],"class_list":["post-76197","post","type-post","status-publish","format-standard","has-post-thumbnail","hentry","category-provincias","category-republica-dominicana"],"_links":{"self":[{"href":"https:\/\/2horizontes.com\/index.php?rest_route=\/wp\/v2\/posts\/76197","targetHints":{"allow":["GET"]}}],"collection":[{"href":"https:\/\/2horizontes.com\/index.php?rest_route=\/wp\/v2\/posts"}],"about":[{"href":"https:\/\/2horizontes.com\/index.php?rest_route=\/wp\/v2\/types\/post"}],"author":[{"embeddable":true,"href":"https:\/\/2horizontes.com\/index.php?rest_route=\/wp\/v2\/users\/1"}],"replies":[{"embeddable":true,"href":"https:\/\/2horizontes.com\/index.php?rest_route=%2Fwp%2Fv2%2Fcomments&post=76197"}],"version-history":[{"count":1,"href":"https:\/\/2horizontes.com\/index.php?rest_route=\/wp\/v2\/posts\/76197\/revisions"}],"predecessor-version":[{"id":76199,"href":"https:\/\/2horizontes.com\/index.php?rest_route=\/wp\/v2\/posts\/76197\/revisions\/76199"}],"wp:featuredmedia":[{"embeddable":true,"href":"https:\/\/2horizontes.com\/index.php?rest_route=\/wp\/v2\/media\/76198"}],"wp:attachment":[{"href":"https:\/\/2horizontes.com\/index.php?rest_route=%2Fwp%2Fv2%2Fmedia&parent=76197"}],"wp:term":[{"taxonomy":"category","embeddable":true,"href":"https:\/\/2horizontes.com\/index.php?rest_route=%2Fwp%2Fv2%2Fcategories&post=76197"},{"taxonomy":"post_tag","embeddable":true,"href":"https:\/\/2horizontes.com\/index.php?rest_route=%2Fwp%2Fv2%2Ftags&post=76197"}],"curies":[{"name":"wp","href":"https:\/\/api.w.org\/{rel}","templated":true}]}}