{"id":76170,"date":"2026-04-15T14:52:04","date_gmt":"2026-04-15T13:52:04","guid":{"rendered":"https:\/\/2horizontes.com\/?p=76170"},"modified":"2026-04-15T14:52:07","modified_gmt":"2026-04-15T13:52:07","slug":"consul-rd-en-honduras-respalda-recursos-vayan-al-tesoro-nacional","status":"publish","type":"post","link":"https:\/\/2horizontes.com\/?p=76170","title":{"rendered":"C\u00f3nsul RD en Honduras respalda recursos vayan al Tesoro Nacional"},"content":{"rendered":"\n<p>HONDURAS.- El Consulado General de la Rep\u00fablica Dominicana en San Pedro Sula respald\u00f3 la disposici\u00f3n que elimina la discrecionalidad en la administraci\u00f3n de los recursos generados por los servicios consulares y su incorporaci\u00f3n al Tesoro Nacional.<\/p>\n\n\n\n<p>La sede consular destac\u00f3 que esta decisi\u00f3n constituye un paso significativo hacia el fortalecimiento de la transparencia, el control y la eficiencia en la gesti\u00f3n p\u00fablica, promoviendo un manejo \u00edntegro y responsable de los fondos derivados de las funciones consulares.<\/p>\n\n\n\n<p>En ese sentido, el c\u00f3nsul Melinton Jim\u00e9nez Salvador reafirm\u00f3 el compromiso de esa representaci\u00f3n diplom\u00e1tica de cumplir cabalmente con las disposiciones adoptadas, garantizando una gesti\u00f3n clara, alineada con la normativa vigente y orientada al servicio de la comunidad dominicana en Honduras.<\/p>\n\n\n\n<p>El Consulado reiter\u00f3 su disposici\u00f3n de continuar trabajando en favor de la institucionalidad, el fortalecimiento de los servicios consulares y el bienestar de los ciudadanos dominicanos en el exterior.<\/p>\n\n\n\n<p><\/p>\n","protected":false},"excerpt":{"rendered":"<p>HONDURAS.- El Consulado General de la Rep\u00fablica Dominicana en San Pedro Sula respald\u00f3 la disposici\u00f3n que elimina la discrecionalidad en la administraci\u00f3n de los recursos generados por los servicios consulares y su incorporaci\u00f3n al Tesoro Nacional. La sede consular destac\u00f3 que esta decisi\u00f3n constituye un paso significativo hacia el fortalecimiento de la transparencia, el control [&hellip;]<\/p>\n","protected":false},"author":1,"featured_media":76171,"comment_status":"open","ping_status":"open","sticky":false,"template":"","format":"standard","meta":{"footnotes":""},"categories":[40,43,44],"tags":[],"class_list":["post-76170","post","type-post","status-publish","format-standard","has-post-thumbnail","hentry","category-internacionales","category-politica","category-republica-dominicana"],"_links":{"self":[{"href":"https:\/\/2horizontes.com\/index.php?rest_route=\/wp\/v2\/posts\/76170","targetHints":{"allow":["GET"]}}],"collection":[{"href":"https:\/\/2horizontes.com\/index.php?rest_route=\/wp\/v2\/posts"}],"about":[{"href":"https:\/\/2horizontes.com\/index.php?rest_route=\/wp\/v2\/types\/post"}],"author":[{"embeddable":true,"href":"https:\/\/2horizontes.com\/index.php?rest_route=\/wp\/v2\/users\/1"}],"replies":[{"embeddable":true,"href":"https:\/\/2horizontes.com\/index.php?rest_route=%2Fwp%2Fv2%2Fcomments&post=76170"}],"version-history":[{"count":1,"href":"https:\/\/2horizontes.com\/index.php?rest_route=\/wp\/v2\/posts\/76170\/revisions"}],"predecessor-version":[{"id":76172,"href":"https:\/\/2horizontes.com\/index.php?rest_route=\/wp\/v2\/posts\/76170\/revisions\/76172"}],"wp:featuredmedia":[{"embeddable":true,"href":"https:\/\/2horizontes.com\/index.php?rest_route=\/wp\/v2\/media\/76171"}],"wp:attachment":[{"href":"https:\/\/2horizontes.com\/index.php?rest_route=%2Fwp%2Fv2%2Fmedia&parent=76170"}],"wp:term":[{"taxonomy":"category","embeddable":true,"href":"https:\/\/2horizontes.com\/index.php?rest_route=%2Fwp%2Fv2%2Fcategories&post=76170"},{"taxonomy":"post_tag","embeddable":true,"href":"https:\/\/2horizontes.com\/index.php?rest_route=%2Fwp%2Fv2%2Ftags&post=76170"}],"curies":[{"name":"wp","href":"https:\/\/api.w.org\/{rel}","templated":true}]}}