{"id":76084,"date":"2025-11-03T20:30:54","date_gmt":"2025-11-03T19:30:54","guid":{"rendered":"https:\/\/2horizontes.com\/?p=76084"},"modified":"2025-11-03T20:34:18","modified_gmt":"2025-11-03T19:34:18","slug":"leonel-arremete-contra-politica-economica-del-gobierno-prm","status":"publish","type":"post","link":"https:\/\/2horizontes.com\/?p=76084","title":{"rendered":"Leonel arremete contra pol\u00edtica econ\u00f3mica del Gobierno PRM"},"content":{"rendered":"\n<p>SANTO DOMINGO. \u2013 El expresidente Leonel Fern\u00e1ndez cuestion\u00f3 la pol\u00edtica econ\u00f3mica del Gobierno del Partido Revolucionario Moderno (PRM) se\u00f1alando, entre otras cosas, que ha demostrado incapacidad para mantener la estabilidad cambiaria y que pretende reducir el beneficio de la cesant\u00eda laboral .<\/p>\n\n\n\n<p>Fern\u00e1ndez, quien gobern\u00f3 la Rep\u00fablica Dominicana en tres per\u00edodos (1996-2000, 2004-2008 y 2008-2012),&nbsp; habl\u00f3 en Bonao en un acto en el que jurament\u00f3 como&nbsp; miembros de su Partido Fuerza del Pueblo (FP) a un grupo de personas, entre ellas -seg\u00fan se dijo- ex dirigentes del PRM.<\/p>\n\n\n\n<p>Declar\u00f3&nbsp; que, a pesar de los elevados ingresos en divisas que el pa\u00eds ha recibido, la tasa de cambio ha experimentado una depreciaci\u00f3n sin precedentes que se refleja en los precios de la mayor\u00eda de los art\u00edculos.<\/p>\n\n\n\n<p>Sostuvo que actualmente entran 12 mil millones de d\u00f3lares en&nbsp; remesas, otros 12 mil millones del sector&nbsp; turismo, 4 mil millones de inversi\u00f3n extranjera y entre 17 mil y 18 mil millones de d\u00f3lares de las zonas francas.&nbsp; \u00abEstamos hablando de 46 mil millones de d\u00f3lares en total; \u00bfpor qu\u00e9 entonces el d\u00f3lar est\u00e1 hoy a 64.40 por uno?\u201d,&nbsp; pregunt\u00f3 el exmandatario.<\/p>\n\n\n\n<p>\u201cNunca se hab\u00eda llegado a esto. Y claro, cuando se deprecia el peso dominicano, eso se refleja en los precios. Volvemos a la carest\u00eda de la vida. Es fruto de la incapacidad del gobierno para mantener la estabilidad cambiaria\u201d, enfatiz\u00f3.<\/p>\n\n\n\n<p>Fern\u00e1ndez dijo&nbsp; que esta volatilidad tambi\u00e9n genera una creciente desconfianza entre los sectores econ\u00f3micos, pues la&nbsp; gente cambia sus pesos por d\u00f3lares o los saca del pa\u00eds porque ya no conf\u00eda en este gobierno. \u00abY cuando hay crisis de confianza, hay crisis de credibilidad\u201d, advirti\u00f3 para agregar a seguidas&nbsp; que la incertidumbre est\u00e1 llevando a muchos empresarios, profesionales y j\u00f3venes a integrarse a la Fuerza del Pueblo.<\/p>\n\n\n\n<p><strong>SOBRE LA CESANTIA LABORAL<\/strong><\/p>\n\n\n\n<p>Otro de los temas m\u00e1s delicados abordados por Fern\u00e1ndez fue la cesant\u00eda laboral.&nbsp; Afirm\u00f3 que&nbsp;desde el gobierno se ha planteado que este derecho solo cubra hasta seis meses de salario, sin importar el tiempo laborado por el trabajador.<\/p>\n\n\n\n<figure class=\"wp-block-image\" id=\"attachment_1076167\"><img decoding=\"async\" src=\"https:\/\/almomento.net\/wp-content\/uploads\/2025\/11\/leo1-300x200.jpg\" alt=\"\" class=\"wp-image-1076167\"\/><figcaption class=\"wp-element-caption\">Leonel Fern\u00e1ndez juramenta nuevos miembros<\/figcaption><\/figure>\n\n\n\n<p>El exmandatario y Presidente de la FP critic\u00f3 duramente esta propuesta y defendi\u00f3 el derecho de los trabajadores a ser compensados si han sido despedidos sin justificaci\u00f3n.<\/p>\n\n\n\n<p>Aleg\u00f3 que aunque desde el Poder Ejecutivo se ha insistido en que la reforma del C\u00f3digo Laboral no afectar\u00e1 la cesant\u00eda, el hecho de que legisladores del PRM hayan introducido propuestas contrarias&nbsp; en el Congreso Nacional demuestra que existe una agenda oculta para recortar derechos adquiridos de la clase trabajadora.<\/p>\n\n\n\n<p>Dio por seguro que la FP ganar\u00e1 las pr\u00f3ximas elecciones.&nbsp; \u201cVamos a ganar porque aqu\u00ed mismo se da una explicaci\u00f3n del por qu\u00e9\u201d,&nbsp; \u201c\u00bfCu\u00e1ndo se ha visto que desde un partido en el gobierno, al que a\u00fan le quedan tres a\u00f1os en el poder, sus propios dirigentes se pasen a la oposici\u00f3n? Eso ocurre porque los cubiaron. Y as\u00ed como han cubiado a los compa\u00f1eros que hoy se juramentan con nosotros, han cubiado al pueblo dominicano\u201d, sostuvo.<\/p>\n\n\n\n<p><strong>LA JURAMENTACION<\/strong><\/p>\n\n\n\n<p>Seg\u00fan un documento de prensa de la FP, Fern\u00e1ndez jurament\u00f3 decenas de nuevos miembros, incluyendo a destacados dirigentes provenientes del PRM y otras organizaciones pol\u00edticas, dijo la FP.<\/p>\n\n\n\n<p>Entre ellos figuran Deivy Ferreira \u201cEl Cicl\u00f3n\u201d, Delio Jos\u00e9 Rodr\u00edguez \u201cPapo\u201d, Luis Miguel Rosario \u201cMiguelito\u201d, Jos\u00e9 Miguel Batista, Nilman Espinal Mu\u00f1oz, Camilo Abreu Mel\u00e9ndez, Franklin Rafael \u00c1lvarez, Jos\u00e9 Pichardo, Santiago Ap\u00f3stol Polanco \u201cChago\u201d, Jos\u00e9 G\u00f3mez \u201cJos\u00e9 Agua Coco\u201d, Mar\u00eda Morillo Hierro \u201cKenia\u201d, Amado Hiciano Placencia, Isabel Polanco Reinoso, Pedro de la Cruz Rosario, Carmen Rosa Abreu y Jiny Rodr\u00edguez.<\/p>\n\n\n\n<p>of-am-sp<\/p>\n","protected":false},"excerpt":{"rendered":"<p>SANTO DOMINGO. \u2013 El expresidente Leonel Fern\u00e1ndez cuestion\u00f3 la pol\u00edtica econ\u00f3mica del Gobierno del Partido Revolucionario Moderno (PRM) se\u00f1alando, entre otras cosas, que ha demostrado incapacidad para mantener la estabilidad cambiaria y que pretende reducir el beneficio de la cesant\u00eda laboral . Fern\u00e1ndez, quien gobern\u00f3 la Rep\u00fablica Dominicana en tres per\u00edodos (1996-2000, 2004-2008 y 2008-2012),&nbsp; [&hellip;]<\/p>\n","protected":false},"author":1,"featured_media":76087,"comment_status":"open","ping_status":"open","sticky":false,"template":"","format":"standard","meta":{"footnotes":""},"categories":[43,44],"tags":[],"class_list":["post-76084","post","type-post","status-publish","format-standard","has-post-thumbnail","hentry","category-politica","category-republica-dominicana"],"_links":{"self":[{"href":"https:\/\/2horizontes.com\/index.php?rest_route=\/wp\/v2\/posts\/76084","targetHints":{"allow":["GET"]}}],"collection":[{"href":"https:\/\/2horizontes.com\/index.php?rest_route=\/wp\/v2\/posts"}],"about":[{"href":"https:\/\/2horizontes.com\/index.php?rest_route=\/wp\/v2\/types\/post"}],"author":[{"embeddable":true,"href":"https:\/\/2horizontes.com\/index.php?rest_route=\/wp\/v2\/users\/1"}],"replies":[{"embeddable":true,"href":"https:\/\/2horizontes.com\/index.php?rest_route=%2Fwp%2Fv2%2Fcomments&post=76084"}],"version-history":[{"count":2,"href":"https:\/\/2horizontes.com\/index.php?rest_route=\/wp\/v2\/posts\/76084\/revisions"}],"predecessor-version":[{"id":76088,"href":"https:\/\/2horizontes.com\/index.php?rest_route=\/wp\/v2\/posts\/76084\/revisions\/76088"}],"wp:featuredmedia":[{"embeddable":true,"href":"https:\/\/2horizontes.com\/index.php?rest_route=\/wp\/v2\/media\/76087"}],"wp:attachment":[{"href":"https:\/\/2horizontes.com\/index.php?rest_route=%2Fwp%2Fv2%2Fmedia&parent=76084"}],"wp:term":[{"taxonomy":"category","embeddable":true,"href":"https:\/\/2horizontes.com\/index.php?rest_route=%2Fwp%2Fv2%2Fcategories&post=76084"},{"taxonomy":"post_tag","embeddable":true,"href":"https:\/\/2horizontes.com\/index.php?rest_route=%2Fwp%2Fv2%2Ftags&post=76084"}],"curies":[{"name":"wp","href":"https:\/\/api.w.org\/{rel}","templated":true}]}}